{"id":31282,"date":"2023-10-04T19:13:40","date_gmt":"2023-10-04T17:13:40","guid":{"rendered":"https:\/\/wtw.waw.pl\/?p=31282"},"modified":"2023-10-04T19:13:40","modified_gmt":"2023-10-04T17:13:40","slug":"tytan9-eliminacje-dzielnicy-wola-za-nami","status":"publish","type":"post","link":"https:\/\/wpserwis.cfolks.pl\/r2\/tytan9-eliminacje-dzielnicy-wola-za-nami\/","title":{"rendered":"TYTAN9 &#8211; ELIMINACJE DZIELNICY WOLA ZA NAMI (wyniki)"},"content":{"rendered":"<p>Dzisiaj w Hali Ko\u0142o na warszawskiej Woli, odby\u0142a si\u0119 druga eliminacja dziewi\u0105tej edycji Wio\u015blarskiego Tytana Warszawy.<br \/>\nNa Woli nigdy si\u0119 nie martwili\u015bmy o frekwencj\u0119 i tak by\u0142o tym razem.<br \/>\nW zawodach wystartowa\u0142o ponad 210 dzieci z 7 wolskich szk\u00f3\u0142 podstawowych<\/p>\n<p>Do aktywnego wios\u0142owania zagrzewali nasi trenerzy. Dzisiaj po d\u0142u\u017cszej przerwie do team\u2019u Tytana do\u0142\u0105czy\u0142a Sylwia Kocerka (dwukrotna olimpijka). Kto wie, mo\u017ce uda nam si\u0119 zatrzyma\u0107 Sylwi\u0119 z nami na d\u0142u\u017cej<br \/>\nPonadto by\u0142a z nami Asia Dorociak, Agnieszka Renc i Agnieszka Wulczy\u0144ska. Wspiera\u0142y nas zawodniczki sekcji regatowej wio\u015blarskiej WTW. Tak wi\u0119c kobiety g\u00f3r\u0105 !<br \/>\nEmocje, ha\u0142as i mega pozytywna energia bi\u0142a dzisiaj od Was i o to w\u0142a\u015bnie chodzi w Tytanie.<br \/>\nMedale i puchary dla najlepszych wr\u0119cza\u0142 Pan <span class=\"xv78j7m\" spellcheck=\"false\">Krzysztof Strza\u0142kowski<\/span> Burmistrz dzielnicy Wola m.st. Warszawy, a pomaga\u0142 mu Dyrektor WTW <span class=\"xv78j7m\" spellcheck=\"false\">Maciej \u015aliwi\u0144ski<\/span>Maciej \u015aliwi\u0144ski.<br \/>\nWcze\u015bniej odwiedzi\u0142a nas Pani Wiceburmistrz <span class=\"xv78j7m\" spellcheck=\"false\">Gra\u017cyna Orzechowska-Mikulska<\/span>.<br \/>\nDzi\u0119kujemy za go\u015bcin\u0119 dyrektorowi <span class=\"xv78j7m\" spellcheck=\"false\">OSiR WOLA<\/span> Panu Arkadiuszowi Werelichowi.<\/p>\n<p>Przed nami w tym tygodniu Tytan na Bemowie (06.10), a nast\u0119pnie Bia\u0142o\u0142\u0119ka (11.10) i Wilan\u00f3w (18.10).<\/p>\n<p>Chwila na oddech i jedziemy dalej !<\/p>\n<p>&nbsp;<\/p>\n<p>Impreza dofinansowana ze \u015brodk\u00f3w Urz\u0119du dzielnicy Wola m.st. Warszawy.<\/p>\n<p>fot. Micha\u0142 Pra\u017cmowski<\/p>\n<p>&nbsp;<\/p>\n<p><strong>WYNIKI<\/strong><\/p>\n<p><a href=\"https:\/\/wpserwis.cfolks.pl\/r2\/wp-content\/uploads\/2023\/10\/Tytan9-Wyniki-szkoly.pdf\">Tytan9 Wyniki <\/a><a href=\"https:\/\/wpserwis.cfolks.pl\/r2\/wp-content\/uploads\/2023\/10\/Tytan9-Wyniki-szkoly.pdf\">szko\u0142y<\/a><\/p>\n<p><a href=\"https:\/\/wpserwis.cfolks.pl\/r2\/wp-content\/uploads\/2023\/10\/Tytan9-Wyniki-WOLA-ch5.pdf\">Tytan9 Wyniki WOLA ch5<\/a><\/p>\n<p><a href=\"https:\/\/wpserwis.cfolks.pl\/r2\/wp-content\/uploads\/2023\/10\/Tytan9-Wyniki-WOLA-ch6.pdf\">Tytan9 Wyniki WOLA ch6<\/a><\/p>\n<p><a href=\"https:\/\/wpserwis.cfolks.pl\/r2\/wp-content\/uploads\/2023\/10\/Tytan9-Wyniki-WOLA-ch7.pdf\">Tytan9 Wyniki WOLA ch7<\/a><\/p>\n<p><a href=\"https:\/\/wpserwis.cfolks.pl\/r2\/wp-content\/uploads\/2023\/10\/Tytan9-Wyniki-WOLA-ch8.pdf\">Tytan9 Wyniki WOLA ch8<\/a><\/p>\n<p><a href=\"https:\/\/wpserwis.cfolks.pl\/r2\/wp-content\/uploads\/2023\/10\/Tytan9-Wyniki-WOLA-dz5.pdf\">Tytan9 Wyniki WOLA dz5<\/a><\/p>\n<p><a href=\"https:\/\/wpserwis.cfolks.pl\/r2\/wp-content\/uploads\/2023\/10\/Tytan9-Wyniki-WOLA-dz6.pdf\">Tytan9 Wyniki WOLA dz6<\/a><\/p>\n<p><a href=\"https:\/\/wpserwis.cfolks.pl\/r2\/wp-content\/uploads\/2023\/10\/Tytan9-Wyniki-WOLA-dz7.pdf\">Tytan9 Wyniki WOLA dz7<\/a><\/p>\n<p><a href=\"https:\/\/wpserwis.cfolks.pl\/r2\/wp-content\/uploads\/2023\/10\/Tytan9-Wyniki-WOLA-dz8.pdf\">Tytan9 Wyniki WOLA dz8<\/a><\/p>\n<p>&nbsp;<\/p>\n<p>&nbsp;<\/p>\n<p>&nbsp;<\/p>\n<p><a href=\"https:\/\/wpserwis.cfolks.pl\/r2\/wp-content\/uploads\/2023\/10\/WTW-1-scaled.jpg\"><img loading=\"lazy\" decoding=\"async\" class=\"alignnone wp-image-31283 size-medium\" src=\"https:\/\/wpserwis.cfolks.pl\/r2\/wp-content\/uploads\/2023\/10\/WTW-1-300x200.jpg\" alt=\"\" width=\"300\" height=\"200\"><\/a> <a href=\"https:\/\/wpserwis.cfolks.pl\/r2\/wp-content\/uploads\/2023\/10\/WTW-2-scaled.jpg\"><img loading=\"lazy\" decoding=\"async\" class=\"alignnone wp-image-31284 size-medium\" src=\"https:\/\/wpserwis.cfolks.pl\/r2\/wp-content\/uploads\/2023\/10\/WTW-2-300x200.jpg\" alt=\"\" width=\"300\" height=\"200\"><\/a> <a href=\"https:\/\/wpserwis.cfolks.pl\/r2\/wp-content\/uploads\/2023\/10\/WTW-4-scaled.jpg\"><img loading=\"lazy\" decoding=\"async\" class=\"alignnone wp-image-31286 size-medium\" src=\"https:\/\/wpserwis.cfolks.pl\/r2\/wp-content\/uploads\/2023\/10\/WTW-4-300x200.jpg\" alt=\"\" width=\"300\" height=\"200\"><\/a> <a href=\"https:\/\/wpserwis.cfolks.pl\/r2\/wp-content\/uploads\/2023\/10\/WTW-5-scaled.jpg\"><img loading=\"lazy\" decoding=\"async\" class=\"alignnone wp-image-31287 size-medium\" src=\"https:\/\/wpserwis.cfolks.pl\/r2\/wp-content\/uploads\/2023\/10\/WTW-5-300x200.jpg\" alt=\"\" width=\"300\" height=\"200\"><\/a> <a href=\"https:\/\/wpserwis.cfolks.pl\/r2\/wp-content\/uploads\/2023\/10\/WTW-6-scaled.jpg\"><img loading=\"lazy\" decoding=\"async\" class=\"alignnone wp-image-31288 size-medium\" src=\"https:\/\/wpserwis.cfolks.pl\/r2\/wp-content\/uploads\/2023\/10\/WTW-6-300x200.jpg\" alt=\"\" width=\"300\" height=\"200\"><\/a><a href=\"https:\/\/wpserwis.cfolks.pl\/r2\/wp-content\/uploads\/2023\/10\/WTW-3-scaled.jpg\"><img loading=\"lazy\" decoding=\"async\" class=\"alignnone wp-image-31285 size-medium\" src=\"https:\/\/wpserwis.cfolks.pl\/r2\/wp-content\/uploads\/2023\/10\/WTW-3-200x300.jpg\" alt=\"\" width=\"200\" height=\"300\"><\/a><\/p>\n","protected":false},"excerpt":{"rendered":"<p>Dzisiaj w Hali Ko\u0142o na warszawskiej Woli, odby\u0142a si\u0119 druga eliminacja dziewi\u0105tej edycji Wio\u015blarskiego Tytana Warszawy. Na Woli nigdy si\u0119 nie martwili\u015bmy o frekwencj\u0119 i tak by\u0142o tym razem. W zawodach wystartowa\u0142o ponad 210 dzieci z 7 wolskich szk\u00f3\u0142 podstawowych Do aktywnego wios\u0142owania zagrzewali nasi trenerzy. Dzisiaj po d\u0142u\u017cszej przerwie do team\u2019u Tytana do\u0142\u0105czy\u0142a Sylwia [&hellip;]<\/p>\n","protected":false},"author":1,"featured_media":31289,"comment_status":"closed","ping_status":"closed","sticky":false,"template":"","format":"standard","meta":{"_acf_changed":false,"footnotes":""},"categories":[13],"tags":[],"class_list":["post-31282","post","type-post","status-publish","format-standard","has-post-thumbnail","hentry","category-tytan"],"acf":[],"_links":{"self":[{"href":"https:\/\/wpserwis.cfolks.pl\/r2\/wp-json\/wp\/v2\/posts\/31282","targetHints":{"allow":["GET"]}}],"collection":[{"href":"https:\/\/wpserwis.cfolks.pl\/r2\/wp-json\/wp\/v2\/posts"}],"about":[{"href":"https:\/\/wpserwis.cfolks.pl\/r2\/wp-json\/wp\/v2\/types\/post"}],"author":[{"embeddable":true,"href":"https:\/\/wpserwis.cfolks.pl\/r2\/wp-json\/wp\/v2\/users\/1"}],"replies":[{"embeddable":true,"href":"https:\/\/wpserwis.cfolks.pl\/r2\/wp-json\/wp\/v2\/comments?post=31282"}],"version-history":[{"count":0,"href":"https:\/\/wpserwis.cfolks.pl\/r2\/wp-json\/wp\/v2\/posts\/31282\/revisions"}],"wp:featuredmedia":[{"embeddable":true,"href":"https:\/\/wpserwis.cfolks.pl\/r2\/wp-json\/"}],"wp:attachment":[{"href":"https:\/\/wpserwis.cfolks.pl\/r2\/wp-json\/wp\/v2\/media?parent=31282"}],"wp:term":[{"taxonomy":"category","embeddable":true,"href":"https:\/\/wpserwis.cfolks.pl\/r2\/wp-json\/wp\/v2\/categories?post=31282"},{"taxonomy":"post_tag","embeddable":true,"href":"https:\/\/wpserwis.cfolks.pl\/r2\/wp-json\/wp\/v2\/tags?post=31282"}],"curies":[{"name":"wp","href":"https:\/\/api.w.org\/{rel}","templated":true}]}}