{"id":31402,"date":"2023-10-12T11:33:20","date_gmt":"2023-10-12T09:33:20","guid":{"rendered":"https:\/\/wtw.waw.pl\/?p=31402"},"modified":"2023-10-12T11:33:20","modified_gmt":"2023-10-12T09:33:20","slug":"nie-tylko-wioslowanie-wystawa-wtw-w-muzeum-sportu","status":"publish","type":"post","link":"https:\/\/wpserwis.cfolks.pl\/r2\/nie-tylko-wioslowanie-wystawa-wtw-w-muzeum-sportu\/","title":{"rendered":"&#8222;NIE TYLKO WIOS\u0141OWANIE&#8230;&#8221; &#8211; WYSTAWA WTW W MUZEUM SPORTU"},"content":{"rendered":"<div class=\"\" dir=\"auto\">\n<div id=\":r17:\" class=\"x1iorvi4 x1pi30zi x1l90r2v x1swvt13\" data-ad-comet-preview=\"message\" data-ad-preview=\"message\">\n<div class=\"x78zum5 xdt5ytf xz62fqu x16ldp7u\">\n<div class=\"xu06os2 x1ok221b\">\n<div class=\"xdj266r x11i5rnm xat24cr x1mh8g0r x1vvkbs x126k92a\">\n<div dir=\"auto\">Tak wi\u0119c, wchodzimy w kluczow\u0105 faz\u0119 obchod\u00f3w Jubileuszu 145 lat WTW i sportu polskiego. Dlatego jest nam niezmierne mi\u0142o zakomunikowa\u0107, \u017ce ju\u017c w najbli\u017csz\u0105 sobot\u0119, tj. 14.10 o godzinie 16:00, odb\u0119dzie si\u0119 uroczyste otwarcie wystawy w Muzeum Sportu i Turystyki pn. &#8222;NIE TYLKO WIOS\u0141OWANIE &#8230; 145 lat Warszawskiego Towarzystwa Wio\u015blarskiego&#8221;.<\/div>\n<div dir=\"auto\">&nbsp;<\/div>\n<div dir=\"auto\">Otwarcie wystawy rozpocznie si\u0119 o godzinie 16:00 i poprzedzi ceremoni\u0119 uroczystej Gali jubileuszowej WTW w siedzibie Polskiego Komitetu Olimpijskiego w Warszawie.<\/div>\n<\/div>\n<\/div>\n<div dir=\"auto\">Jeste\u015bmy bardzo wdzi\u0119czny Panu Dyrektorowi S\u0142awomirowi Majcherowi Dyrektorowi Muzeum, \u017ce podj\u0105\u0142 temat naszego jubileuszu i niezwykle profesjonalnie zaanga\u017cowa\u0142 si\u0119 w przygotowania do obchod\u00f3w Towarzystwa. Specjalne podzi\u0119kowania kierujemy do Pana Profesora Roberta Gawkowskiego za merytoryczny nadz\u00f3r nad wystaw\u0105 i niesamowit\u0105 ilo\u015b\u0107 wiedzy, fakt\u00f3w i ciekawostek dotycz\u0105cych sportu warszawskiego , a szczeg\u00f3lnie tej cz\u0119\u015bci dotycz\u0105cej WTW.<\/div>\n<div class=\"xu06os2 x1ok221b\">\n<div class=\"x11i5rnm xat24cr x1mh8g0r x1vvkbs xtlvy1s x126k92a\">\n<div dir=\"auto\">&nbsp;<\/div>\n<div dir=\"auto\">P.S. widzieli\u015bmy ju\u017c cz\u0105stki i kawa\u0142ki wystawy. Uwierzcie nam &#8211; b\u0119dzie fantastyczna, naprawd\u0119 warto odwiedzi\u0107 Muzeum Sportu i Turystyki.<\/div>\n<div dir=\"auto\">Ekspozycja czasowa do stycznia 2024r.<\/div>\n<\/div>\n<\/div>\n<\/div>\n<\/div>\n<\/div>\n<div dir=\"auto\">&nbsp;<\/div>\n<div dir=\"auto\">&nbsp;<\/div>\n<div dir=\"auto\">.<\/div>\n","protected":false},"excerpt":{"rendered":"<p>Tak wi\u0119c, wchodzimy w kluczow\u0105 faz\u0119 obchod\u00f3w Jubileuszu 145 lat WTW i sportu polskiego. Dlatego jest nam niezmierne mi\u0142o zakomunikowa\u0107, \u017ce ju\u017c w najbli\u017csz\u0105 sobot\u0119, tj. 14.10 o godzinie 16:00, odb\u0119dzie si\u0119 uroczyste otwarcie wystawy w Muzeum Sportu i Turystyki pn. &#8222;NIE TYLKO WIOS\u0141OWANIE &#8230; 145 lat Warszawskiego Towarzystwa Wio\u015blarskiego&#8221;. &nbsp; Otwarcie wystawy rozpocznie si\u0119 [&hellip;]<\/p>\n","protected":false},"author":1,"featured_media":31403,"comment_status":"closed","ping_status":"closed","sticky":false,"template":"","format":"standard","meta":{"_acf_changed":false,"footnotes":""},"categories":[1],"tags":[],"class_list":["post-31402","post","type-post","status-publish","format-standard","has-post-thumbnail","hentry","category-bez-kategorii"],"acf":[],"_links":{"self":[{"href":"https:\/\/wpserwis.cfolks.pl\/r2\/wp-json\/wp\/v2\/posts\/31402","targetHints":{"allow":["GET"]}}],"collection":[{"href":"https:\/\/wpserwis.cfolks.pl\/r2\/wp-json\/wp\/v2\/posts"}],"about":[{"href":"https:\/\/wpserwis.cfolks.pl\/r2\/wp-json\/wp\/v2\/types\/post"}],"author":[{"embeddable":true,"href":"https:\/\/wpserwis.cfolks.pl\/r2\/wp-json\/wp\/v2\/users\/1"}],"replies":[{"embeddable":true,"href":"https:\/\/wpserwis.cfolks.pl\/r2\/wp-json\/wp\/v2\/comments?post=31402"}],"version-history":[{"count":0,"href":"https:\/\/wpserwis.cfolks.pl\/r2\/wp-json\/wp\/v2\/posts\/31402\/revisions"}],"wp:featuredmedia":[{"embeddable":true,"href":"https:\/\/wpserwis.cfolks.pl\/r2\/wp-json\/"}],"wp:attachment":[{"href":"https:\/\/wpserwis.cfolks.pl\/r2\/wp-json\/wp\/v2\/media?parent=31402"}],"wp:term":[{"taxonomy":"category","embeddable":true,"href":"https:\/\/wpserwis.cfolks.pl\/r2\/wp-json\/wp\/v2\/categories?post=31402"},{"taxonomy":"post_tag","embeddable":true,"href":"https:\/\/wpserwis.cfolks.pl\/r2\/wp-json\/wp\/v2\/tags?post=31402"}],"curies":[{"name":"wp","href":"https:\/\/api.w.org\/{rel}","templated":true}]}}