{"id":31481,"date":"2023-10-18T10:43:28","date_gmt":"2023-10-18T08:43:28","guid":{"rendered":"https:\/\/wtw.waw.pl\/?p=31481"},"modified":"2023-10-18T10:43:28","modified_gmt":"2023-10-18T08:43:28","slug":"dobre-starty-zeglarzy-w-pucharze-uks-sindbad","status":"publish","type":"post","link":"https:\/\/wpserwis.cfolks.pl\/r2\/dobre-starty-zeglarzy-w-pucharze-uks-sindbad\/","title":{"rendered":"DOBRE STARTY \u017bEGLARZY W PUCHARZE UKS SINDBAD"},"content":{"rendered":"<div class=\"xdj266r x11i5rnm xat24cr x1mh8g0r x1vvkbs x126k92a\">\n<div dir=\"auto\">Kolejne \u017ceglarskie sukcesy.<\/div>\n<\/div>\n<div class=\"x11i5rnm xat24cr x1mh8g0r x1vvkbs xtlvy1s x126k92a\">\n<div dir=\"auto\">Zuzia \u0141uczak druga w klasyfikacji dziewcz\u0105t, Antek&nbsp; Kordek pierwszy w\u015br\u00f3d ch\u0142opc\u00f3w do lat 9.<\/div>\n<div dir=\"auto\">&nbsp;<\/div>\n<div dir=\"auto\">W jednych z ostatnich regat w tym sezonie &#8211; Pucharze UKS Sindbad, zawodnicy sekcji \u017ceglarskiej wystartowali w miniony weekend. Pierwszego dnia rozegrane zosta\u0142y 4 wy\u015bcigi , a drugiego dnia przy znacznie silniejszym wietrze 2 wy\u015bcigi.<\/div>\n<div dir=\"auto\">&nbsp;<\/div>\n<div dir=\"auto\">Po zawzi\u0119tej rywalizacji wyniki prezentuj\u0105 si\u0119 nast\u0119puj\u0105co:<\/div>\n<div dir=\"auto\">&nbsp;<\/div>\n<\/div>\n<div class=\"x11i5rnm xat24cr x1mh8g0r x1vvkbs xtlvy1s x126k92a\">\n<div dir=\"auto\">W grupie A:<\/div>\n<div dir=\"auto\">Wiktor 5 miejsce<\/div>\n<div dir=\"auto\">Kajetan 8 miejsce<\/div>\n<div dir=\"auto\">&nbsp;<\/div>\n<\/div>\n<div class=\"x11i5rnm xat24cr x1mh8g0r x1vvkbs xtlvy1s x126k92a\">\n<div dir=\"auto\">W grupie B:<\/div>\n<div dir=\"auto\">Zuzia 7 miejsce w klasyfikacji generalnej, 2 w klasyfikacji dziewcz\u0105t,<\/div>\n<div dir=\"auto\">Franek 8 miejsce<\/div>\n<div dir=\"auto\">Mateusz 10 miejsce<\/div>\n<div dir=\"auto\">Antek 11 miejsce w klasyfikacji generalnej, 1 w\u015br\u00f3d ch\u0142opc\u00f3w do lat 9<\/div>\n<div dir=\"auto\">&nbsp;<\/div>\n<\/div>\n<div class=\"x11i5rnm xat24cr x1mh8g0r x1vvkbs xtlvy1s x126k92a\">\n<div dir=\"auto\">Gratulacje dla wszystkich zawodnik\u00f3w i trenera Ma\u0107ka Lato.<\/div>\n<\/div>\n<div dir=\"auto\">&nbsp;<\/div>\n<div dir=\"auto\"><a href=\"https:\/\/wpserwis.cfolks.pl\/r2\/wp-content\/uploads\/2023\/10\/393243595_18388070224016863_261804637888135307_n.jpg\"><img loading=\"lazy\" decoding=\"async\" class=\"alignnone wp-image-31482 size-medium\" src=\"https:\/\/wpserwis.cfolks.pl\/r2\/wp-content\/uploads\/2023\/10\/393243595_18388070224016863_261804637888135307_n-240x300.jpg\" alt=\"\" width=\"240\" height=\"300\"><\/a> <a href=\"https:\/\/wpserwis.cfolks.pl\/r2\/wp-content\/uploads\/2023\/10\/393308881_18388070251016863_7804381617881190684_n.jpg\"><img loading=\"lazy\" decoding=\"async\" class=\"alignnone wp-image-31483 size-medium\" src=\"https:\/\/wpserwis.cfolks.pl\/r2\/wp-content\/uploads\/2023\/10\/393308881_18388070251016863_7804381617881190684_n-240x300.jpg\" alt=\"\" width=\"240\" height=\"300\"><\/a> <a href=\"https:\/\/wpserwis.cfolks.pl\/r2\/wp-content\/uploads\/2023\/10\/393635742_18388070233016863_5690807759305915742_n.jpg\"><img loading=\"lazy\" decoding=\"async\" class=\"alignnone wp-image-31484 size-medium\" src=\"https:\/\/wpserwis.cfolks.pl\/r2\/wp-content\/uploads\/2023\/10\/393635742_18388070233016863_5690807759305915742_n-240x300.jpg\" alt=\"\" width=\"240\" height=\"300\"><\/a> <a href=\"https:\/\/wpserwis.cfolks.pl\/r2\/wp-content\/uploads\/2023\/10\/393741707_18388070242016863_6028475353283742517_n.jpg\"><img loading=\"lazy\" decoding=\"async\" class=\"alignnone wp-image-31485 size-medium\" src=\"https:\/\/wpserwis.cfolks.pl\/r2\/wp-content\/uploads\/2023\/10\/393741707_18388070242016863_6028475353283742517_n-240x300.jpg\" alt=\"\" width=\"240\" height=\"300\"><\/a><\/div>\n","protected":false},"excerpt":{"rendered":"<p>Kolejne \u017ceglarskie sukcesy. Zuzia \u0141uczak druga w klasyfikacji dziewcz\u0105t, Antek&nbsp; Kordek pierwszy w\u015br\u00f3d ch\u0142opc\u00f3w do lat 9. &nbsp; W jednych z ostatnich regat w tym sezonie &#8211; Pucharze UKS Sindbad, zawodnicy sekcji \u017ceglarskiej wystartowali w miniony weekend. Pierwszego dnia rozegrane zosta\u0142y 4 wy\u015bcigi , a drugiego dnia przy znacznie silniejszym wietrze 2 wy\u015bcigi. &nbsp; Po [&hellip;]<\/p>\n","protected":false},"author":1,"featured_media":31486,"comment_status":"closed","ping_status":"closed","sticky":false,"template":"","format":"standard","meta":{"_acf_changed":false,"footnotes":""},"categories":[1],"tags":[],"class_list":["post-31481","post","type-post","status-publish","format-standard","has-post-thumbnail","hentry","category-bez-kategorii"],"acf":[],"_links":{"self":[{"href":"https:\/\/wpserwis.cfolks.pl\/r2\/wp-json\/wp\/v2\/posts\/31481","targetHints":{"allow":["GET"]}}],"collection":[{"href":"https:\/\/wpserwis.cfolks.pl\/r2\/wp-json\/wp\/v2\/posts"}],"about":[{"href":"https:\/\/wpserwis.cfolks.pl\/r2\/wp-json\/wp\/v2\/types\/post"}],"author":[{"embeddable":true,"href":"https:\/\/wpserwis.cfolks.pl\/r2\/wp-json\/wp\/v2\/users\/1"}],"replies":[{"embeddable":true,"href":"https:\/\/wpserwis.cfolks.pl\/r2\/wp-json\/wp\/v2\/comments?post=31481"}],"version-history":[{"count":0,"href":"https:\/\/wpserwis.cfolks.pl\/r2\/wp-json\/wp\/v2\/posts\/31481\/revisions"}],"wp:featuredmedia":[{"embeddable":true,"href":"https:\/\/wpserwis.cfolks.pl\/r2\/wp-json\/"}],"wp:attachment":[{"href":"https:\/\/wpserwis.cfolks.pl\/r2\/wp-json\/wp\/v2\/media?parent=31481"}],"wp:term":[{"taxonomy":"category","embeddable":true,"href":"https:\/\/wpserwis.cfolks.pl\/r2\/wp-json\/wp\/v2\/categories?post=31481"},{"taxonomy":"post_tag","embeddable":true,"href":"https:\/\/wpserwis.cfolks.pl\/r2\/wp-json\/wp\/v2\/tags?post=31481"}],"curies":[{"name":"wp","href":"https:\/\/api.w.org\/{rel}","templated":true}]}}