{"id":31590,"date":"2023-10-25T14:05:11","date_gmt":"2023-10-25T12:05:11","guid":{"rendered":"https:\/\/wtw.waw.pl\/?p=31590"},"modified":"2023-10-25T14:05:11","modified_gmt":"2023-10-25T12:05:11","slug":"wioslarskie-centralne-kontrolne-regaty-jesienne-na-koniec-sezonu","status":"publish","type":"post","link":"https:\/\/wpserwis.cfolks.pl\/r2\/wioslarskie-centralne-kontrolne-regaty-jesienne-na-koniec-sezonu\/","title":{"rendered":"WIO\u015aLARSKIE CENTRALNE KONTROLNE REGATY JESIENNE NA KONIEC SEZONU"},"content":{"rendered":"<div class=\"xdj266r x11i5rnm xat24cr x1mh8g0r x1vvkbs x126k92a\">\n<div dir=\"auto\">Nasza klubowa reprezentacja wraca w\u0142a\u015bnie z Centralnych Kontrolnych Regat jesiennych z Poznania&nbsp;. S\u0105 to regaty ko\u0144cz\u0105ce sezon startowy, b\u0119d\u0105ce r\u00f3wnie\u017c kwalifikacjami do kadry narodowej.<\/div>\n<\/div>\n<div class=\"x11i5rnm xat24cr x1mh8g0r x1vvkbs xtlvy1s x126k92a\">\n<div dir=\"auto\">&nbsp;<\/div>\n<div dir=\"auto\">Na ogromne wyr\u00f3\u017cnienie zas\u0142uguje start naszego Piotrka P\u0142omi\u0144skiego, kt\u00f3ry wygra\u0142 wszystkie biegi na M1x <span class=\"x3nfvp2 x1j61x8r x1fcty0u xdj266r xhhsvwb xat24cr xgzva0m xxymvpz xlup9mm x1kky2od\">.<\/span><\/div>\n<\/div>\n<div class=\"x11i5rnm xat24cr x1mh8g0r x1vvkbs xtlvy1s x126k92a\">\n<div dir=\"auto\">&nbsp;<\/div>\n<div dir=\"auto\">Wyniki naszych zawodniczek i zawodnik\u00f3w:<\/div>\n<\/div>\n<div class=\"x11i5rnm xat24cr x1mh8g0r x1vvkbs xtlvy1s x126k92a\">\n<div dir=\"auto\">1xMA Piotr P\u0142omi\u0144ski<\/div>\n<div dir=\"auto\">1 miejsce F1A, F2A<\/div>\n<div dir=\"auto\">&nbsp;<\/div>\n<\/div>\n<div class=\"x11i5rnm xat24cr x1mh8g0r x1vvkbs xtlvy1s x126k92a\">\n<div dir=\"auto\">1-MA\/MB Bart\u0142omiej Socha, Miko\u0142aj Kot<\/div>\n<div dir=\"auto\">6 miejsce F1B<\/div>\n<div dir=\"auto\">5 miejsce F2B<\/div>\n<div dir=\"auto\">&nbsp;<\/div>\n<\/div>\n<div class=\"x11i5rnm xat24cr x1mh8g0r x1vvkbs xtlvy1s x126k92a\">\n<div dir=\"auto\">1xMJ Bart\u0142omiej Niemczyk<\/div>\n<div dir=\"auto\">F1C 3 miejsce<\/div>\n<div dir=\"auto\">F2C 6 miejsce<\/div>\n<div dir=\"auto\">&nbsp;<\/div>\n<\/div>\n<div class=\"x11i5rnm xat24cr x1mh8g0r x1vvkbs xtlvy1s x126k92a\">\n<div dir=\"auto\">2-MJ\/MJM Wysocki Piotr, Matusiak Bartosz<\/div>\n<div dir=\"auto\">F1B 6 miejsce<\/div>\n<div dir=\"auto\">F2B 7 miejsce<\/div>\n<div dir=\"auto\">&nbsp;<\/div>\n<\/div>\n<div class=\"x11i5rnm xat24cr x1mh8g0r x1vvkbs xtlvy1s x126k92a\">\n<div dir=\"auto\">2-KJ\/KJM Schlesinger Josephine, Stankiewicz-Wendling Oktawia<\/div>\n<div dir=\"auto\">F1B 1 miejsce<\/div>\n<div dir=\"auto\">F2A 8 miejsce<\/div>\n<div dir=\"auto\">&nbsp;<\/div>\n<\/div>\n<div class=\"x11i5rnm xat24cr x1mh8g0r x1vvkbs xtlvy1s x126k92a\">\n<div dir=\"auto\">1xKJM Pola \u017bytomirska<\/div>\n<div dir=\"auto\">F1E 4 miejsce<\/div>\n<div dir=\"auto\">F2E 3 miejsce<\/div>\n<div dir=\"auto\">&nbsp;<\/div>\n<\/div>\n<div class=\"x11i5rnm xat24cr x1mh8g0r x1vvkbs xtlvy1s x126k92a\">\n<div dir=\"auto\">1xKA Julia Facon<\/div>\n<div dir=\"auto\">F1C 7 miejsce<\/div>\n<div dir=\"auto\">F2C 7 miejsce<\/div>\n<div dir=\"auto\">&nbsp;<\/div>\n<\/div>\n<div class=\"x11i5rnm xat24cr x1mh8g0r x1vvkbs xtlvy1s x126k92a\">\n<div dir=\"auto\">1xKA Magdalena Romaniuk<\/div>\n<div dir=\"auto\">F1D 1 miejsce<\/div>\n<div dir=\"auto\">F2D 1 miejsce<\/div>\n<div dir=\"auto\">&nbsp;<\/div>\n<\/div>\n<div class=\"x11i5rnm xat24cr x1mh8g0r x1vvkbs xtlvy1s x126k92a\">\n<div dir=\"auto\">Serdecznie gratulujemy zawodnikom i trenerom sezonu 2023. To by\u0142 intensywny i mocny rok <span class=\"x3nfvp2 x1j61x8r x1fcty0u xdj266r xhhsvwb xat24cr xgzva0m xxymvpz xlup9mm x1kky2od\">.<\/span><\/div>\n<\/div>\n<div class=\"x11i5rnm xat24cr x1mh8g0r x1vvkbs xtlvy1s x126k92a\">\n<div dir=\"auto\">Dzi\u0119kujemy.<\/div>\n<div dir=\"auto\">&nbsp;<\/div>\n<\/div>\n<div class=\"x11i5rnm xat24cr x1mh8g0r x1vvkbs xtlvy1s x126k92a\">\n<div dir=\"auto\">Ps. Pora zaprzyja\u017ani\u0107 si\u0119 ponownie z ergometrem wio\u015blarskim i si\u0142owni\u0105 .<\/div>\n<\/div>\n<div dir=\"auto\"><a href=\"https:\/\/wpserwis.cfolks.pl\/r2\/wp-content\/uploads\/2023\/10\/391574550_18389001385016863_3372139048146274799_n.jpg\"><img loading=\"lazy\" decoding=\"async\" class=\"alignnone wp-image-31591 size-medium\" src=\"https:\/\/wpserwis.cfolks.pl\/r2\/wp-content\/uploads\/2023\/10\/391574550_18389001385016863_3372139048146274799_n-240x300.jpg\" alt=\"\" width=\"240\" height=\"300\"><\/a> <a href=\"https:\/\/wpserwis.cfolks.pl\/r2\/wp-content\/uploads\/2023\/10\/391571203_18389001412016863_9068316926729964011_n.jpg\"><img loading=\"lazy\" decoding=\"async\" class=\"alignnone wp-image-31592 size-medium\" src=\"https:\/\/wpserwis.cfolks.pl\/r2\/wp-content\/uploads\/2023\/10\/391571203_18389001412016863_9068316926729964011_n-240x300.jpg\" alt=\"\" width=\"240\" height=\"300\"><\/a> <a href=\"https:\/\/wpserwis.cfolks.pl\/r2\/wp-content\/uploads\/2023\/10\/391593226_18389001373016863_2167075881074138475_n.jpg\"><img loading=\"lazy\" decoding=\"async\" class=\"alignnone wp-image-31593 size-medium\" src=\"https:\/\/wpserwis.cfolks.pl\/r2\/wp-content\/uploads\/2023\/10\/391593226_18389001373016863_2167075881074138475_n-240x300.jpg\" alt=\"\" width=\"240\" height=\"300\"><\/a> <a href=\"https:\/\/wpserwis.cfolks.pl\/r2\/wp-content\/uploads\/2023\/10\/391609445_18389001376016863_1944986852965197398_n.jpg\"><img loading=\"lazy\" decoding=\"async\" class=\"alignnone wp-image-31594 size-medium\" src=\"https:\/\/wpserwis.cfolks.pl\/r2\/wp-content\/uploads\/2023\/10\/391609445_18389001376016863_1944986852965197398_n-240x300.jpg\" alt=\"\" width=\"240\" height=\"300\"><\/a> <a href=\"https:\/\/wpserwis.cfolks.pl\/r2\/wp-content\/uploads\/2023\/10\/391762874_18389001403016863_7397953867895513910_n.jpg\"><img loading=\"lazy\" decoding=\"async\" class=\"alignnone wp-image-31595 size-medium\" src=\"https:\/\/wpserwis.cfolks.pl\/r2\/wp-content\/uploads\/2023\/10\/391762874_18389001403016863_7397953867895513910_n-240x300.jpg\" alt=\"\" width=\"240\" height=\"300\"><\/a><\/div>\n","protected":false},"excerpt":{"rendered":"<p>Nasza klubowa reprezentacja wraca w\u0142a\u015bnie z Centralnych Kontrolnych Regat jesiennych z Poznania&nbsp;. S\u0105 to regaty ko\u0144cz\u0105ce sezon startowy, b\u0119d\u0105ce r\u00f3wnie\u017c kwalifikacjami do kadry narodowej. &nbsp; Na ogromne wyr\u00f3\u017cnienie zas\u0142uguje start naszego Piotrka P\u0142omi\u0144skiego, kt\u00f3ry wygra\u0142 wszystkie biegi na M1x . &nbsp; Wyniki naszych zawodniczek i zawodnik\u00f3w: 1xMA Piotr P\u0142omi\u0144ski 1 miejsce F1A, F2A &nbsp; 1-MA\/MB [&hellip;]<\/p>\n","protected":false},"author":1,"featured_media":31596,"comment_status":"closed","ping_status":"closed","sticky":false,"template":"","format":"standard","meta":{"_acf_changed":false,"footnotes":""},"categories":[1],"tags":[],"class_list":["post-31590","post","type-post","status-publish","format-standard","has-post-thumbnail","hentry","category-bez-kategorii"],"acf":[],"_links":{"self":[{"href":"https:\/\/wpserwis.cfolks.pl\/r2\/wp-json\/wp\/v2\/posts\/31590","targetHints":{"allow":["GET"]}}],"collection":[{"href":"https:\/\/wpserwis.cfolks.pl\/r2\/wp-json\/wp\/v2\/posts"}],"about":[{"href":"https:\/\/wpserwis.cfolks.pl\/r2\/wp-json\/wp\/v2\/types\/post"}],"author":[{"embeddable":true,"href":"https:\/\/wpserwis.cfolks.pl\/r2\/wp-json\/wp\/v2\/users\/1"}],"replies":[{"embeddable":true,"href":"https:\/\/wpserwis.cfolks.pl\/r2\/wp-json\/wp\/v2\/comments?post=31590"}],"version-history":[{"count":0,"href":"https:\/\/wpserwis.cfolks.pl\/r2\/wp-json\/wp\/v2\/posts\/31590\/revisions"}],"wp:featuredmedia":[{"embeddable":true,"href":"https:\/\/wpserwis.cfolks.pl\/r2\/wp-json\/"}],"wp:attachment":[{"href":"https:\/\/wpserwis.cfolks.pl\/r2\/wp-json\/wp\/v2\/media?parent=31590"}],"wp:term":[{"taxonomy":"category","embeddable":true,"href":"https:\/\/wpserwis.cfolks.pl\/r2\/wp-json\/wp\/v2\/categories?post=31590"},{"taxonomy":"post_tag","embeddable":true,"href":"https:\/\/wpserwis.cfolks.pl\/r2\/wp-json\/wp\/v2\/tags?post=31590"}],"curies":[{"name":"wp","href":"https:\/\/api.w.org\/{rel}","templated":true}]}}