{"id":31598,"date":"2023-10-25T19:16:57","date_gmt":"2023-10-25T17:16:57","guid":{"rendered":"https:\/\/wtw.waw.pl\/?p=31598"},"modified":"2023-10-25T19:16:57","modified_gmt":"2023-10-25T17:16:57","slug":"tytan9-targowek-wyniki-szkol-relacja","status":"publish","type":"post","link":"https:\/\/wpserwis.cfolks.pl\/r2\/tytan9-targowek-wyniki-szkol-relacja\/","title":{"rendered":"TYTAN9 &#8211; TARG\u00d3WEK. WYNIKI, RELACJA."},"content":{"rendered":"<p>W dniu dzisiejszym, odby\u0142a si\u0119 ju\u017c sz\u00f3sta eliminacja dziewi\u0105tej edycji Wio\u015blarskiego Tytana Warszawy. Nasz tytanowy Team, dop\u0142yn\u0105\u0142 na drug\u0105 stron\u0119 Wis\u0142y do dzielnicy Targ\u00f3wek.<\/p>\n<p>Gospodarzem zawod\u00f3w by\u0142 Zesp\u00f3\u0142 Szk\u00f3\u0142 nr 41 przy ul. Bartniczej 2.<\/p>\n<p>Wydarzenie by\u0142a finansowane ze \u015brodk\u00f3w urz\u0119du dzielnicy Targ\u00f3wek m.st. Warszawy.<\/p>\n<p>Frekwencja (zaczynamy si\u0119&nbsp;do tego naprawd\u0119 przyzwyczaja\u0107), by\u0142a ponownie imponuj\u0105ca. Dziewi\u0119\u0107 szk\u00f3\u0142 podstawowych, ponad dwie\u015bcie dzieci i m\u0142odzie\u017cy, prze\u0142o\u017cy\u0142a si\u0119&nbsp;na a\u017c 41 wy\u015bcig\u00f3w. Poziom emocji sportowych by\u0142 naprawd\u0119 bardzo wysoki i mimo, \u017ce wyniki by\u0142y dzisiaj mocne, to do klasyfikacji TOP5 (najlepsze czasy ze wszystkich eliminacji), uda\u0142o si\u0119&nbsp;tylko dw\u00f3jce uczni\u00f3w (klasy 5 -te dziewczynek i klasy 8-me ch\u0142opc\u00f3w). To \u015bwiadczy, \u017ce na tym etapie Tytana, trzeba kr\u0119ci\u0107 \u201eprzemocne\u201d wyniki, \u017ceby wskoczy\u0107 do tej klasyfikacji.<\/p>\n<p>Zawody ko\u0144czyli\u015bmy wy\u015bcigami sztafet, kt\u00f3re zawsze od kilku lat zamykaj\u0105 ka\u017cde eliminacje. Najlepsz\u0105 szko\u0142\u0105 w sztafetach okaza\u0142a si\u0119 SP42, kt\u00f3rej serdecznie gratulujemy. Puchar jest Wasz!<\/p>\n<p>Tak zamkn\u0119li\u015bmy pa\u017adziernik. Teraz tydzie\u0144 przerwy w zwi\u0105zku ze skr\u00f3conym tygodniem (\u015awi\u0119to Zmar\u0142ych). Do Tytana wracamy ju\u017c 08.11 i zawitamy do dzielnicy Ursus.<\/p>\n<p>Potem listopadowy maraton: 15.11 Bielany, 17.11 \u015ar\u00f3dmie\u015bcie, 22.11 Ursyn\u00f3w, 24.11<\/p>\n<p>Wyniki:<\/p>\n<p><a href=\"https:\/\/wpserwis.cfolks.pl\/r2\/wp-content\/uploads\/2023\/10\/Tytan9-ch5-1.pdf\">Tytan9 ch5<\/a><\/p>\n<p><a href=\"https:\/\/wpserwis.cfolks.pl\/r2\/wp-content\/uploads\/2023\/10\/Tytan9-ch6-1.pdf\">Tytan9 ch6<\/a><\/p>\n<p><a href=\"https:\/\/wpserwis.cfolks.pl\/r2\/wp-content\/uploads\/2023\/10\/Tytan9-ch7-1.pdf\">Tytan9 ch7<\/a><\/p>\n<p><a href=\"https:\/\/wpserwis.cfolks.pl\/r2\/wp-content\/uploads\/2023\/10\/Tytan9-ch8-1.pdf\">Tytan9 ch8<\/a><\/p>\n<p><a href=\"https:\/\/wpserwis.cfolks.pl\/r2\/wp-content\/uploads\/2023\/10\/Tytan9-dz5-1.pdf\">Tytan9 dz5<\/a><\/p>\n<p><a href=\"https:\/\/wpserwis.cfolks.pl\/r2\/wp-content\/uploads\/2023\/10\/Tytan9-dz6-1.pdf\">Tytan9 dz6<\/a><\/p>\n<p><a href=\"https:\/\/wpserwis.cfolks.pl\/r2\/wp-content\/uploads\/2023\/10\/Tytan9-dz7-1.pdf\">Tytan9 dz7<\/a><\/p>\n<p><a href=\"https:\/\/wpserwis.cfolks.pl\/r2\/wp-content\/uploads\/2023\/10\/Tytan9-dz8-1.pdf\">Tytan9 dz8<\/a><\/p>\n<p><a href=\"https:\/\/wpserwis.cfolks.pl\/r2\/wp-content\/uploads\/2023\/10\/Tytan9-wyniki-szkol.pdf\">Tytan9 wyniki szko\u0301\u0142<\/a><\/p>\n<p>&nbsp;<\/p>\n<p><a href=\"https:\/\/wpserwis.cfolks.pl\/r2\/wp-content\/uploads\/2023\/10\/Targowek-1-scaled.jpg\"><img loading=\"lazy\" decoding=\"async\" class=\"alignnone wp-image-31599 size-medium\" src=\"https:\/\/wpserwis.cfolks.pl\/r2\/wp-content\/uploads\/2023\/10\/Targowek-1-300x200.jpg\" alt=\"\" width=\"300\" height=\"200\"><\/a> <a href=\"https:\/\/wpserwis.cfolks.pl\/r2\/wp-content\/uploads\/2023\/10\/Targowek-2-scaled.jpg\"><img loading=\"lazy\" decoding=\"async\" class=\"alignnone wp-image-31600 size-medium\" src=\"https:\/\/wpserwis.cfolks.pl\/r2\/wp-content\/uploads\/2023\/10\/Targowek-2-300x200.jpg\" alt=\"\" width=\"300\" height=\"200\"><\/a> <a href=\"https:\/\/wpserwis.cfolks.pl\/r2\/wp-content\/uploads\/2023\/10\/Targowek-4-scaled.jpg\"><img loading=\"lazy\" decoding=\"async\" class=\"alignnone wp-image-31601 size-medium\" src=\"https:\/\/wpserwis.cfolks.pl\/r2\/wp-content\/uploads\/2023\/10\/Targowek-4-300x200.jpg\" alt=\"\" width=\"300\" height=\"200\"><\/a> <a href=\"https:\/\/wpserwis.cfolks.pl\/r2\/wp-content\/uploads\/2023\/10\/Targowek-5-scaled.jpg\"><img loading=\"lazy\" decoding=\"async\" class=\"alignnone wp-image-31602 size-medium\" src=\"https:\/\/wpserwis.cfolks.pl\/r2\/wp-content\/uploads\/2023\/10\/Targowek-5-300x200.jpg\" alt=\"\" width=\"300\" height=\"200\"><\/a> <a href=\"https:\/\/wpserwis.cfolks.pl\/r2\/wp-content\/uploads\/2023\/10\/Targowek-6-scaled.jpg\"><img loading=\"lazy\" decoding=\"async\" class=\"alignnone wp-image-31603 size-medium\" src=\"https:\/\/wpserwis.cfolks.pl\/r2\/wp-content\/uploads\/2023\/10\/Targowek-6-300x200.jpg\" alt=\"\" width=\"300\" height=\"200\"><\/a> <a href=\"https:\/\/wpserwis.cfolks.pl\/r2\/wp-content\/uploads\/2023\/10\/Targowek-7-scaled.jpg\"><img loading=\"lazy\" decoding=\"async\" class=\"alignnone wp-image-31604 size-medium\" src=\"https:\/\/wpserwis.cfolks.pl\/r2\/wp-content\/uploads\/2023\/10\/Targowek-7-300x200.jpg\" alt=\"\" width=\"300\" height=\"200\"><\/a> <a href=\"https:\/\/wpserwis.cfolks.pl\/r2\/wp-content\/uploads\/2023\/10\/Targowek-8-scaled.jpg\"><img loading=\"lazy\" decoding=\"async\" class=\"alignnone wp-image-31605 size-medium\" src=\"https:\/\/wpserwis.cfolks.pl\/r2\/wp-content\/uploads\/2023\/10\/Targowek-8-300x169.jpg\" alt=\"\" width=\"300\" height=\"169\"><\/a><\/p>\n<p>&nbsp;<\/p>\n","protected":false},"excerpt":{"rendered":"<p>W dniu dzisiejszym, odby\u0142a si\u0119 ju\u017c sz\u00f3sta eliminacja dziewi\u0105tej edycji Wio\u015blarskiego Tytana Warszawy. Nasz tytanowy Team, dop\u0142yn\u0105\u0142 na drug\u0105 stron\u0119 Wis\u0142y do dzielnicy Targ\u00f3wek. Gospodarzem zawod\u00f3w by\u0142 Zesp\u00f3\u0142 Szk\u00f3\u0142 nr 41 przy ul. Bartniczej 2. Wydarzenie by\u0142a finansowane ze \u015brodk\u00f3w urz\u0119du dzielnicy Targ\u00f3wek m.st. Warszawy. Frekwencja (zaczynamy si\u0119&nbsp;do tego naprawd\u0119 przyzwyczaja\u0107), by\u0142a ponownie imponuj\u0105ca. Dziewi\u0119\u0107 [&hellip;]<\/p>\n","protected":false},"author":1,"featured_media":31606,"comment_status":"closed","ping_status":"closed","sticky":false,"template":"","format":"standard","meta":{"_acf_changed":false,"footnotes":""},"categories":[13],"tags":[],"class_list":["post-31598","post","type-post","status-publish","format-standard","has-post-thumbnail","hentry","category-tytan"],"acf":[],"_links":{"self":[{"href":"https:\/\/wpserwis.cfolks.pl\/r2\/wp-json\/wp\/v2\/posts\/31598","targetHints":{"allow":["GET"]}}],"collection":[{"href":"https:\/\/wpserwis.cfolks.pl\/r2\/wp-json\/wp\/v2\/posts"}],"about":[{"href":"https:\/\/wpserwis.cfolks.pl\/r2\/wp-json\/wp\/v2\/types\/post"}],"author":[{"embeddable":true,"href":"https:\/\/wpserwis.cfolks.pl\/r2\/wp-json\/wp\/v2\/users\/1"}],"replies":[{"embeddable":true,"href":"https:\/\/wpserwis.cfolks.pl\/r2\/wp-json\/wp\/v2\/comments?post=31598"}],"version-history":[{"count":0,"href":"https:\/\/wpserwis.cfolks.pl\/r2\/wp-json\/wp\/v2\/posts\/31598\/revisions"}],"wp:featuredmedia":[{"embeddable":true,"href":"https:\/\/wpserwis.cfolks.pl\/r2\/wp-json\/"}],"wp:attachment":[{"href":"https:\/\/wpserwis.cfolks.pl\/r2\/wp-json\/wp\/v2\/media?parent=31598"}],"wp:term":[{"taxonomy":"category","embeddable":true,"href":"https:\/\/wpserwis.cfolks.pl\/r2\/wp-json\/wp\/v2\/categories?post=31598"},{"taxonomy":"post_tag","embeddable":true,"href":"https:\/\/wpserwis.cfolks.pl\/r2\/wp-json\/wp\/v2\/tags?post=31598"}],"curies":[{"name":"wp","href":"https:\/\/api.w.org\/{rel}","templated":true}]}}