{"id":31633,"date":"2023-10-30T15:28:27","date_gmt":"2023-10-30T14:28:27","guid":{"rendered":"https:\/\/wtw.waw.pl\/?p=31633"},"modified":"2023-10-30T15:28:27","modified_gmt":"2023-10-30T14:28:27","slug":"odwiedzilismy-mogile-wtw-na-starych-powazkach","status":"publish","type":"post","link":"https:\/\/wpserwis.cfolks.pl\/r2\/odwiedzilismy-mogile-wtw-na-starych-powazkach\/","title":{"rendered":"ODWIEDZILI\u015aMY MOGI\u0141\u0118 WTW NA STARYCH POW\u0104ZKACH"},"content":{"rendered":"<p>W dniu dzisiejszym odwiedzili\u015bmy nasz\u0105 mogi\u0142\u0119 na Starych Pow\u0105zkach. Gr\u00f3b jak co roku przed \u015awi\u0119tem Zmar\u0142ych zosta\u0142 uporz\u0105dkowany.<\/p>\n<p>Delegacj\u0119 WTW stanowili: druh Jaros\u0142aw Wolski &#8211; Wiceprezes Zarz\u0105du, druhna Maria Wolska &#8211; Przewodnicz\u0105ca Kapitu\u0142y Odznaki, Pan Maciej \u015aliwi\u0144ski &#8211; Dyrektor WTW oraz Pan Bogdan Okni\u0144ski &#8211; pracownik.<\/p>\n<p>Wy\u017cej wymienionym bardzo dzi\u0119kujemy.<\/p>\n<p>Wszystkich zainteresowanych odwiedzeniem grobu WTW &#8211; pod poni\u017cszym linkiem udost\u0119pniamy mapk\u0119 lokalizacyjn\u0105.<\/p>\n<p><a href=\"https:\/\/wpserwis.cfolks.pl\/r2\/mogila-stare-powazki\/\">Zobacz mapk\u0119 &#8211; kliknij tutaj<\/a><\/p>\n<p>&nbsp;<\/p>\n<p><a href=\"https:\/\/wpserwis.cfolks.pl\/r2\/mija-130-lat-od-tragicznego-wypadku-osemki-wtw\/\">Min\u0119\u0142y 133 lata od tragicznego wypadku<\/a><\/p>\n<p>&nbsp;<\/p>\n<p><a href=\"https:\/\/wpserwis.cfolks.pl\/r2\/wp-content\/uploads\/2023\/10\/End-of-Life-Tribute-Mobile-Video-in-Dark-Green-Beige-Natural-Photocentric-Style.mp4\">End-of-Life Tribute Mobile Video in Dark Green Beige Natural Photocentric Style<\/a><\/p>\n<p>&nbsp;<\/p>\n<p>&nbsp;<\/p>\n<p>&nbsp;<\/p>\n<p><a href=\"https:\/\/wpserwis.cfolks.pl\/r2\/wp-content\/uploads\/2023\/10\/IMG_5153-scaled.jpg\"><img loading=\"lazy\" decoding=\"async\" class=\"alignnone wp-image-31635 size-medium\" src=\"https:\/\/wpserwis.cfolks.pl\/r2\/wp-content\/uploads\/2023\/10\/IMG_5153-225x300.jpg\" alt=\"\" width=\"225\" height=\"300\"><\/a> <a href=\"https:\/\/wpserwis.cfolks.pl\/r2\/wp-content\/uploads\/2023\/10\/IMG_5154-scaled.jpg\"><img loading=\"lazy\" decoding=\"async\" class=\"alignnone wp-image-31636 size-medium\" src=\"https:\/\/wpserwis.cfolks.pl\/r2\/wp-content\/uploads\/2023\/10\/IMG_5154-225x300.jpg\" alt=\"\" width=\"225\" height=\"300\"><\/a> <a href=\"https:\/\/wpserwis.cfolks.pl\/r2\/wp-content\/uploads\/2023\/10\/IMG_5155-scaled.jpg\"><img loading=\"lazy\" decoding=\"async\" class=\"alignnone wp-image-31637 size-medium\" src=\"https:\/\/wpserwis.cfolks.pl\/r2\/wp-content\/uploads\/2023\/10\/IMG_5155-225x300.jpg\" alt=\"\" width=\"225\" height=\"300\"><\/a> <a href=\"https:\/\/wpserwis.cfolks.pl\/r2\/wp-content\/uploads\/2023\/10\/IMG_5160-scaled.jpg\"><img loading=\"lazy\" decoding=\"async\" class=\"alignnone wp-image-31638 size-medium\" src=\"https:\/\/wpserwis.cfolks.pl\/r2\/wp-content\/uploads\/2023\/10\/IMG_5160-225x300.jpg\" alt=\"\" width=\"225\" height=\"300\"><\/a> <a href=\"https:\/\/wpserwis.cfolks.pl\/r2\/wp-content\/uploads\/2023\/10\/IMG_5161-scaled.jpg\"><img loading=\"lazy\" decoding=\"async\" class=\"alignnone wp-image-31639 size-medium\" src=\"https:\/\/wpserwis.cfolks.pl\/r2\/wp-content\/uploads\/2023\/10\/IMG_5161-225x300.jpg\" alt=\"\" width=\"225\" height=\"300\"><\/a><\/p>\n<p>&nbsp;<\/p>\n","protected":false},"excerpt":{"rendered":"<p>W dniu dzisiejszym odwiedzili\u015bmy nasz\u0105 mogi\u0142\u0119 na Starych Pow\u0105zkach. Gr\u00f3b jak co roku przed \u015awi\u0119tem Zmar\u0142ych zosta\u0142 uporz\u0105dkowany. Delegacj\u0119 WTW stanowili: druh Jaros\u0142aw Wolski &#8211; Wiceprezes Zarz\u0105du, druhna Maria Wolska &#8211; Przewodnicz\u0105ca Kapitu\u0142y Odznaki, Pan Maciej \u015aliwi\u0144ski &#8211; Dyrektor WTW oraz Pan Bogdan Okni\u0144ski &#8211; pracownik. Wy\u017cej wymienionym bardzo dzi\u0119kujemy. Wszystkich zainteresowanych odwiedzeniem grobu WTW [&hellip;]<\/p>\n","protected":false},"author":1,"featured_media":31634,"comment_status":"closed","ping_status":"closed","sticky":false,"template":"","format":"standard","meta":{"_acf_changed":false,"footnotes":""},"categories":[1],"tags":[],"class_list":["post-31633","post","type-post","status-publish","format-standard","has-post-thumbnail","hentry","category-bez-kategorii"],"acf":[],"_links":{"self":[{"href":"https:\/\/wpserwis.cfolks.pl\/r2\/wp-json\/wp\/v2\/posts\/31633","targetHints":{"allow":["GET"]}}],"collection":[{"href":"https:\/\/wpserwis.cfolks.pl\/r2\/wp-json\/wp\/v2\/posts"}],"about":[{"href":"https:\/\/wpserwis.cfolks.pl\/r2\/wp-json\/wp\/v2\/types\/post"}],"author":[{"embeddable":true,"href":"https:\/\/wpserwis.cfolks.pl\/r2\/wp-json\/wp\/v2\/users\/1"}],"replies":[{"embeddable":true,"href":"https:\/\/wpserwis.cfolks.pl\/r2\/wp-json\/wp\/v2\/comments?post=31633"}],"version-history":[{"count":0,"href":"https:\/\/wpserwis.cfolks.pl\/r2\/wp-json\/wp\/v2\/posts\/31633\/revisions"}],"wp:featuredmedia":[{"embeddable":true,"href":"https:\/\/wpserwis.cfolks.pl\/r2\/wp-json\/"}],"wp:attachment":[{"href":"https:\/\/wpserwis.cfolks.pl\/r2\/wp-json\/wp\/v2\/media?parent=31633"}],"wp:term":[{"taxonomy":"category","embeddable":true,"href":"https:\/\/wpserwis.cfolks.pl\/r2\/wp-json\/wp\/v2\/categories?post=31633"},{"taxonomy":"post_tag","embeddable":true,"href":"https:\/\/wpserwis.cfolks.pl\/r2\/wp-json\/wp\/v2\/tags?post=31633"}],"curies":[{"name":"wp","href":"https:\/\/api.w.org\/{rel}","templated":true}]}}