{"id":31885,"date":"2023-11-20T10:15:38","date_gmt":"2023-11-20T09:15:38","guid":{"rendered":"https:\/\/wtw.waw.pl\/?p=31885"},"modified":"2023-11-20T10:15:38","modified_gmt":"2023-11-20T09:15:38","slug":"lyzwiarskie-czwartki-z-aktywna-warszawa","status":"publish","type":"post","link":"https:\/\/wpserwis.cfolks.pl\/r2\/lyzwiarskie-czwartki-z-aktywna-warszawa\/","title":{"rendered":"\u0141Y\u017bWIARSKIE CZWARTKI Z AKTYWN\u0104 WARSZAW\u0104"},"content":{"rendered":"<div class=\"xdj266r x11i5rnm xat24cr x1mh8g0r x1vvkbs x126k92a\">\n<div dir=\"auto\">Tak troszeczk\u0119 spojrzenie z innej strony na inn\u0105 dyscyplin\u0119 i inny rodzaj sportowej rozrywki. Zach\u0119camy do aktywnego uczestnictwa w \u0142y\u017cwiarskich czwartkach, cyklu imprez organizowanych przez Aktywn\u0105 Warszaw\u0119. Poni\u017cej szczeg\u00f3\u0142y.<\/div>\n<div dir=\"auto\">&nbsp;<\/div>\n<div dir=\"auto\">&nbsp;<\/div>\n<div dir=\"auto\"><span class=\"x3nfvp2 x1j61x8r x1fcty0u xdj266r xhhsvwb xat24cr xgzva0m xxymvpz xlup9mm x1kky2od\"><img loading=\"lazy\" decoding=\"async\" class=\"xz74otr\" src=\"https:\/\/static.xx.fbcdn.net\/images\/emoji.php\/v9\/t9b\/2\/16\/1f32c.png\" alt=\"\ud83c\udf2c\ufe0f\" width=\"16\" height=\"16\"><\/span> Nadchodzi zima, a wraz z ni\u0105 wracaj\u0105 <a class=\"x1i10hfl xjbqb8w x6umtig x1b1mbwd xaqea5y xav7gou x9f619 x1ypdohk xt0psk2 xe8uvvx xdj266r x11i5rnm xat24cr x1mh8g0r xexx8yu x4uap5 x18d9i69 xkhd6sd x16tdsg8 x1hl2dhg xggy1nq x1a2a7pz xt0b8zv x1qq9wsj xo1l8bm\" tabindex=\"0\" role=\"link\" href=\"https:\/\/www.facebook.com\/events\/714174473569838\/?__cft__[0]=AZW5e9xUEWCCuKLUmwzXMdeKtJ9zNwbxYjjFdDhkCio9tH86-kHOtQRQfC5emwaa5Wlx2GlDZXZp50BcDcKhVGhx_KVRdxIjWRR-8Cl98CWriHrlV_v1_1SwPhvAr2QwDTJIxPlIMxJ8TLa5BwK7C92d&amp;__tn__=-UK-R\"><span class=\"xt0psk2\">\u0141y\u017cwiarskie Czwartki 2023\/2024<\/span><\/a> <span class=\"x3nfvp2 x1j61x8r x1fcty0u xdj266r xhhsvwb xat24cr xgzva0m xxymvpz xlup9mm x1kky2od\"><img loading=\"lazy\" decoding=\"async\" class=\"xz74otr\" src=\"https:\/\/static.xx.fbcdn.net\/images\/emoji.php\/v9\/t98\/2\/16\/1f64c_1f3fc.png\" alt=\"\ud83d\ude4c\ud83c\udffc\" width=\"16\" height=\"16\"><\/span><span class=\"x3nfvp2 x1j61x8r x1fcty0u xdj266r xhhsvwb xat24cr xgzva0m xxymvpz xlup9mm x1kky2od\"><img loading=\"lazy\" decoding=\"async\" class=\"xz74otr\" src=\"https:\/\/static.xx.fbcdn.net\/images\/emoji.php\/v9\/t80\/2\/16\/26f8.png\" alt=\"\u26f8\ufe0f\" width=\"16\" height=\"16\"><\/span><\/div>\n<\/div>\n<div class=\"x11i5rnm xat24cr x1mh8g0r x1vvkbs xtlvy1s x126k92a\">\n<div dir=\"auto\"><span class=\"x3nfvp2 x1j61x8r x1fcty0u xdj266r xhhsvwb xat24cr xgzva0m xxymvpz xlup9mm x1kky2od\"><img loading=\"lazy\" decoding=\"async\" class=\"xz74otr\" src=\"https:\/\/static.xx.fbcdn.net\/images\/emoji.php\/v9\/tcc\/2\/16\/1f4cd.png\" alt=\"\ud83d\udccd\" width=\"16\" height=\"16\"><\/span> Pierwsze spotkanie w ramach znanego i lubianego cyklu odb\u0119dzie si\u0119 ju\u017c 7 grudnia, a gospodarzem &#8211; tradycyjnie &#8211; b\u0119dzie <a class=\"x1i10hfl xjbqb8w x6umtig x1b1mbwd xaqea5y xav7gou x9f619 x1ypdohk xt0psk2 xe8uvvx xdj266r x11i5rnm xat24cr x1mh8g0r xexx8yu x4uap5 x18d9i69 xkhd6sd x16tdsg8 x1hl2dhg xggy1nq x1a2a7pz xt0b8zv x1qq9wsj xo1l8bm\" tabindex=\"0\" role=\"link\" href=\"https:\/\/www.facebook.com\/aktywnawarszawastegny?__cft__[0]=AZW5e9xUEWCCuKLUmwzXMdeKtJ9zNwbxYjjFdDhkCio9tH86-kHOtQRQfC5emwaa5Wlx2GlDZXZp50BcDcKhVGhx_KVRdxIjWRR-8Cl98CWriHrlV_v1_1SwPhvAr2QwDTJIxPlIMxJ8TLa5BwK7C92d&amp;__tn__=-]K-R\"><span class=\"xt0psk2\">O\u015brodek Stegny<\/span><\/a> (ul. Inspektowa 1) <span class=\"x3nfvp2 x1j61x8r x1fcty0u xdj266r xhhsvwb xat24cr xgzva0m xxymvpz xlup9mm x1kky2od\"><img loading=\"lazy\" decoding=\"async\" class=\"xz74otr\" src=\"https:\/\/static.xx.fbcdn.net\/images\/emoji.php\/v9\/t9b\/2\/16\/1f32c.png\" alt=\"\ud83c\udf2c\ufe0f\" width=\"16\" height=\"16\"><\/span><span class=\"x3nfvp2 x1j61x8r x1fcty0u xdj266r xhhsvwb xat24cr xgzva0m xxymvpz xlup9mm x1kky2od\"><img loading=\"lazy\" decoding=\"async\" class=\"xz74otr\" src=\"https:\/\/static.xx.fbcdn.net\/images\/emoji.php\/v9\/taf\/2\/16\/2744.png\" alt=\"\u2744\ufe0f\" width=\"16\" height=\"16\"><\/span><span class=\"x3nfvp2 x1j61x8r x1fcty0u xdj266r xhhsvwb xat24cr xgzva0m xxymvpz xlup9mm x1kky2od\"><img loading=\"lazy\" decoding=\"async\" class=\"xz74otr\" src=\"https:\/\/static.xx.fbcdn.net\/images\/emoji.php\/v9\/t80\/2\/16\/26f8.png\" alt=\"\u26f8\ufe0f\" width=\"16\" height=\"16\"><\/span><\/div>\n<\/div>\n<div class=\"x11i5rnm xat24cr x1mh8g0r x1vvkbs xtlvy1s x126k92a\">\n<div dir=\"auto\"><span class=\"x3nfvp2 x1j61x8r x1fcty0u xdj266r xhhsvwb xat24cr xgzva0m xxymvpz xlup9mm x1kky2od\"><img loading=\"lazy\" decoding=\"async\" class=\"xz74otr\" src=\"https:\/\/static.xx.fbcdn.net\/images\/emoji.php\/v9\/t80\/2\/16\/26f8.png\" alt=\"\u26f8\ufe0f\" width=\"16\" height=\"16\"><\/span> W zawodach mog\u0105 bra\u0107 udzia\u0142 dzieci ze szk\u00f3\u0142 podstawowych. Uczestnicy dzieleni s\u0105 na kategorie wiekowe, w kt\u00f3rych rywalizuj\u0105 na przypisanych im dystansach od 50 do 300 metr\u00f3w.<\/div>\n<\/div>\n<div class=\"x11i5rnm xat24cr x1mh8g0r x1vvkbs xtlvy1s x126k92a\">\n<div dir=\"auto\"><span class=\"x3nfvp2 x1j61x8r x1fcty0u xdj266r xhhsvwb xat24cr xgzva0m xxymvpz xlup9mm x1kky2od\"><img loading=\"lazy\" decoding=\"async\" class=\"xz74otr\" src=\"https:\/\/static.xx.fbcdn.net\/images\/emoji.php\/v9\/tfb\/2\/16\/1f5d3.png\" alt=\"\ud83d\uddd3\ufe0f\" width=\"16\" height=\"16\"><\/span> Terminy:<\/div>\n<div dir=\"auto\"><span class=\"x3nfvp2 x1j61x8r x1fcty0u xdj266r xhhsvwb xat24cr xgzva0m xxymvpz xlup9mm x1kky2od\"><img loading=\"lazy\" decoding=\"async\" class=\"xz74otr\" src=\"https:\/\/static.xx.fbcdn.net\/images\/emoji.php\/v9\/t9b\/2\/16\/1f32c.png\" alt=\"\ud83c\udf2c\ufe0f\" width=\"16\" height=\"16\"><\/span> 7,14 grudnia 2023 r.<\/div>\n<div dir=\"auto\"><span class=\"x3nfvp2 x1j61x8r x1fcty0u xdj266r xhhsvwb xat24cr xgzva0m xxymvpz xlup9mm x1kky2od\"><img loading=\"lazy\" decoding=\"async\" class=\"xz74otr\" src=\"https:\/\/static.xx.fbcdn.net\/images\/emoji.php\/v9\/t9b\/2\/16\/1f32c.png\" alt=\"\ud83c\udf2c\ufe0f\" width=\"16\" height=\"16\"><\/span> 4,11 stycznia 2024 r.<\/div>\n<div dir=\"auto\"><span class=\"x3nfvp2 x1j61x8r x1fcty0u xdj266r xhhsvwb xat24cr xgzva0m xxymvpz xlup9mm x1kky2od\"><img loading=\"lazy\" decoding=\"async\" class=\"xz74otr\" src=\"https:\/\/static.xx.fbcdn.net\/images\/emoji.php\/v9\/t9b\/2\/16\/1f32c.png\" alt=\"\ud83c\udf2c\ufe0f\" width=\"16\" height=\"16\"><\/span> 1,8,15 lutego 2024 r.<\/div>\n<div dir=\"auto\"><span class=\"x3nfvp2 x1j61x8r x1fcty0u xdj266r xhhsvwb xat24cr xgzva0m xxymvpz xlup9mm x1kky2od\"><img loading=\"lazy\" decoding=\"async\" class=\"xz74otr\" src=\"https:\/\/static.xx.fbcdn.net\/images\/emoji.php\/v9\/t9b\/2\/16\/1f32c.png\" alt=\"\ud83c\udf2c\ufe0f\" width=\"16\" height=\"16\"><\/span> 22 lutego (podsumowanie, wr\u0119czenie nagr\u00f3d) 2024 r.<\/div>\n<\/div>\n<div class=\"x11i5rnm xat24cr x1mh8g0r x1vvkbs xtlvy1s x126k92a\">\n<div dir=\"auto\"><span class=\"x3nfvp2 x1j61x8r x1fcty0u xdj266r xhhsvwb xat24cr xgzva0m xxymvpz xlup9mm x1kky2od\"><img loading=\"lazy\" decoding=\"async\" class=\"xz74otr\" src=\"https:\/\/static.xx.fbcdn.net\/images\/emoji.php\/v9\/t9b\/2\/16\/1f32c.png\" alt=\"\ud83c\udf2c\ufe0f\" width=\"16\" height=\"16\"><\/span> Zmagania rozpoczynaj\u0105 si\u0119 o godz. 14:30.<\/div>\n<\/div>\n<div class=\"x11i5rnm xat24cr x1mh8g0r x1vvkbs xtlvy1s x126k92a\">\n<div dir=\"auto\"><span class=\"x3nfvp2 x1j61x8r x1fcty0u xdj266r xhhsvwb xat24cr xgzva0m xxymvpz xlup9mm x1kky2od\"><img loading=\"lazy\" decoding=\"async\" class=\"xz74otr\" src=\"https:\/\/static.xx.fbcdn.net\/images\/emoji.php\/v9\/t6b\/2\/16\/1f4dd.png\" alt=\"\ud83d\udcdd\" width=\"16\" height=\"16\"><\/span> Zg\u0142oszenia i szczeg\u00f3\u0142owe informacje dost\u0119pne w wydarzeniu oraz na <a class=\"x1i10hfl xjbqb8w x6umtig x1b1mbwd xaqea5y xav7gou x9f619 x1ypdohk xt0psk2 xe8uvvx xdj266r x11i5rnm xat24cr x1mh8g0r xexx8yu x4uap5 x18d9i69 xkhd6sd x16tdsg8 x1hl2dhg xggy1nq x1a2a7pz xt0b8zv x1fey0fg\" tabindex=\"0\" role=\"link\" href=\"http:\/\/www.aktywnawarszawa.pl\/?fbclid=IwAR0oXZ6SRWD-mY9mcaCgBGKlfYBPU77s1-U0J7ECcov5cxhBzi7U5gGe3qY\" target=\"_blank\" rel=\"nofollow noopener noreferrer\">www.aktywnawarszawa.pl<\/a><\/div>\n<\/div>\n<div class=\"x11i5rnm xat24cr x1mh8g0r x1vvkbs xtlvy1s x126k92a\">\n<div dir=\"auto\">Zapraszamy!<\/div>\n<\/div>\n","protected":false},"excerpt":{"rendered":"<p>Tak troszeczk\u0119 spojrzenie z innej strony na inn\u0105 dyscyplin\u0119 i inny rodzaj sportowej rozrywki. Zach\u0119camy do aktywnego uczestnictwa w \u0142y\u017cwiarskich czwartkach, cyklu imprez organizowanych przez Aktywn\u0105 Warszaw\u0119. Poni\u017cej szczeg\u00f3\u0142y. &nbsp; &nbsp; Nadchodzi zima, a wraz z ni\u0105 wracaj\u0105 \u0141y\u017cwiarskie Czwartki 2023\/2024 Pierwsze spotkanie w ramach znanego i lubianego cyklu odb\u0119dzie si\u0119 ju\u017c 7 grudnia, a [&hellip;]<\/p>\n","protected":false},"author":1,"featured_media":31886,"comment_status":"closed","ping_status":"closed","sticky":false,"template":"","format":"standard","meta":{"_acf_changed":false,"footnotes":""},"categories":[1],"tags":[],"class_list":["post-31885","post","type-post","status-publish","format-standard","has-post-thumbnail","hentry","category-bez-kategorii"],"acf":[],"_links":{"self":[{"href":"https:\/\/wpserwis.cfolks.pl\/r2\/wp-json\/wp\/v2\/posts\/31885","targetHints":{"allow":["GET"]}}],"collection":[{"href":"https:\/\/wpserwis.cfolks.pl\/r2\/wp-json\/wp\/v2\/posts"}],"about":[{"href":"https:\/\/wpserwis.cfolks.pl\/r2\/wp-json\/wp\/v2\/types\/post"}],"author":[{"embeddable":true,"href":"https:\/\/wpserwis.cfolks.pl\/r2\/wp-json\/wp\/v2\/users\/1"}],"replies":[{"embeddable":true,"href":"https:\/\/wpserwis.cfolks.pl\/r2\/wp-json\/wp\/v2\/comments?post=31885"}],"version-history":[{"count":0,"href":"https:\/\/wpserwis.cfolks.pl\/r2\/wp-json\/wp\/v2\/posts\/31885\/revisions"}],"wp:featuredmedia":[{"embeddable":true,"href":"https:\/\/wpserwis.cfolks.pl\/r2\/wp-json\/"}],"wp:attachment":[{"href":"https:\/\/wpserwis.cfolks.pl\/r2\/wp-json\/wp\/v2\/media?parent=31885"}],"wp:term":[{"taxonomy":"category","embeddable":true,"href":"https:\/\/wpserwis.cfolks.pl\/r2\/wp-json\/wp\/v2\/categories?post=31885"},{"taxonomy":"post_tag","embeddable":true,"href":"https:\/\/wpserwis.cfolks.pl\/r2\/wp-json\/wp\/v2\/tags?post=31885"}],"curies":[{"name":"wp","href":"https:\/\/api.w.org\/{rel}","templated":true}]}}