{"id":31926,"date":"2023-11-26T13:29:34","date_gmt":"2023-11-26T12:29:34","guid":{"rendered":"https:\/\/wtw.waw.pl\/?p=31926"},"modified":"2023-11-26T13:29:34","modified_gmt":"2023-11-26T12:29:34","slug":"tytan9-praga-poludnie-wynikirelacja-galeria","status":"publish","type":"post","link":"https:\/\/wpserwis.cfolks.pl\/r2\/tytan9-praga-poludnie-wynikirelacja-galeria\/","title":{"rendered":"TYTAN9 &#8211; PRAGA PO\u0141UDNIE (WYNIKI,RELACJA, GALERIA)"},"content":{"rendered":"<div dir=\"auto\">W dniu 24 listopada w Hali \u201eSiennicka\u201d OSiR Dzielnicy Praga-Po\u0142udnie odby\u0142 si\u0119 Wio\u015blarski Tytan Warszawy 2023 &#8211; Eliminacje dla Dzielnicy Praga-Po\u0142udnie. W Tytanie wzi\u0119li udzia\u0142 zg\u0142oszeni przez szko\u0142y z Dzielnicy Praga-Po\u0142udnie uczniowie ze szk\u00f3\u0142 podstawowych: ch\u0142opcy i dziewczynki z klas 5-8.<\/div>\n<div dir=\"auto\">Organizatorem wydarzenia, kt\u00f3re odby\u0142o si\u0119 pod Patronatem Honorowym Burmistrza Dzielnicy Tomasza Kucharskiego by\u0142o Warszawskie Towarzystwo Wio\u015blarskie.<\/div>\n<div dir=\"auto\">&nbsp;<\/div>\n<div dir=\"auto\">Tytana prowadzi\u0142y: Sylwia Kocerka (olimpijka i br\u0105zowa medalistka Mistrzostw \u015awiata) i Joanna Dorociak (medalistka Mistrzostw Europy) &#8211; zawodniczki Warszawskiego Towarzystwa Wio\u015blarskiego.<\/div>\n<div dir=\"auto\">&nbsp;<\/div>\n<div dir=\"auto\">M\u0142odzie\u017c g\u0142o\u015bno dopingowa\u0142a swoje kole\u017canki i swoich koleg\u00f3w, \u017ceby osi\u0105gn\u0119li jak najlepsze wyniki. Atmosfera dzi\u0119ki temu by\u0142a wyj\u0105tkowa.<\/div>\n<div dir=\"auto\">Puchary otrzyma\u0142y szko\u0142y za zaj\u0119cie I-III miejsca oraz dzieci w klasyfikacjach indywidualnych. Ponadto organizator przewidzia\u0142 medale i pami\u0105tkowe koszulki.<\/div>\n<div dir=\"auto\">&nbsp;<\/div>\n<div dir=\"auto\">W klasyfikacji \u0142\u0105cznej szk\u00f3\u0142:<\/div>\n<div dir=\"auto\">I miejsce zaj\u0119\u0142a Szko\u0142a Podstawowa nr 246 &#8211; dystans 6971 metr\u00f3w<\/div>\n<div dir=\"auto\">II miejsce zaj\u0119\u0142a Szko\u0142a Podstawowa Trampoline &#8211; dystans 3036 metr\u00f3w<\/div>\n<div dir=\"auto\">III miejsce zaj\u0119\u0142a Szko\u0142a Podstawowa nr 373 &#8211; dystans 2635 metr\u00f3w.<\/div>\n<div dir=\"auto\">&nbsp;<\/div>\n<div dir=\"auto\">Na koniec wa\u017cna informacja: Uczennica szko\u0142y podstawowej Trampoline, Maria Olszewska z dystansem 411 m zakwalifikowa\u0142a si\u0119 do TOP5 Warszawy. Gratulujemy! Puchary w imieniu WTW wr\u0119cza\u0142 Maciej \u015aliwi\u0144ski &#8211; Dyrektor Biura, a w imieniu OSiR Dzielnicy Praga-Po\u0142udnie &#8211; zast\u0119pca dyrektora O\u015brodka Dariusz Dombrowski.<\/div>\n<div dir=\"auto\">&nbsp;<\/div>\n<div dir=\"auto\">Dzisiaj byli\u015bcie prawdziwymi TYTANAMI! Dzi\u0119kujemy i gratulujemy wszystkim udzia\u0142u w imprezie.<\/div>\n<div dir=\"auto\">&nbsp;<\/div>\n<div dir=\"auto\">Do zobaczenia w Finale 13.12 w OSiR Mokot\u00f3w<\/div>\n<div dir=\"auto\">&nbsp;<\/div>\n<div dir=\"auto\"><a href=\"https:\/\/wpserwis.cfolks.pl\/r2\/wp-content\/uploads\/2023\/11\/Tytan9-dz-i-ch-5-6-klasy.pdf\">Tytan9 dz i ch 5, 6 klasy<\/a><\/div>\n<div dir=\"auto\"><a href=\"https:\/\/wpserwis.cfolks.pl\/r2\/wp-content\/uploads\/2023\/11\/Tytan9-dz-i-ch-7-i-8.pdf\">Tytan9 dz i ch 7 i 8<\/a><\/div>\n<div dir=\"auto\"><a href=\"https:\/\/wpserwis.cfolks.pl\/r2\/wp-content\/uploads\/2023\/11\/Tytan9-wyniki-szkoly.pdf\">Tytan9 wyniki szko\u0142y<\/a><\/div>\n<div dir=\"auto\">&nbsp;<\/div>\n<div dir=\"auto\">&nbsp;<\/div>\n<div dir=\"auto\">&nbsp;<\/div>\n","protected":false},"excerpt":{"rendered":"<p>W dniu 24 listopada w Hali \u201eSiennicka\u201d OSiR Dzielnicy Praga-Po\u0142udnie odby\u0142 si\u0119 Wio\u015blarski Tytan Warszawy 2023 &#8211; Eliminacje dla Dzielnicy Praga-Po\u0142udnie. W Tytanie wzi\u0119li udzia\u0142 zg\u0142oszeni przez szko\u0142y z Dzielnicy Praga-Po\u0142udnie uczniowie ze szk\u00f3\u0142 podstawowych: ch\u0142opcy i dziewczynki z klas 5-8. Organizatorem wydarzenia, kt\u00f3re odby\u0142o si\u0119 pod Patronatem Honorowym Burmistrza Dzielnicy Tomasza Kucharskiego by\u0142o Warszawskie [&hellip;]<\/p>\n","protected":false},"author":1,"featured_media":31930,"comment_status":"closed","ping_status":"closed","sticky":false,"template":"","format":"standard","meta":{"_acf_changed":false,"footnotes":""},"categories":[13],"tags":[],"class_list":["post-31926","post","type-post","status-publish","format-standard","has-post-thumbnail","hentry","category-tytan"],"acf":[],"_links":{"self":[{"href":"https:\/\/wpserwis.cfolks.pl\/r2\/wp-json\/wp\/v2\/posts\/31926","targetHints":{"allow":["GET"]}}],"collection":[{"href":"https:\/\/wpserwis.cfolks.pl\/r2\/wp-json\/wp\/v2\/posts"}],"about":[{"href":"https:\/\/wpserwis.cfolks.pl\/r2\/wp-json\/wp\/v2\/types\/post"}],"author":[{"embeddable":true,"href":"https:\/\/wpserwis.cfolks.pl\/r2\/wp-json\/wp\/v2\/users\/1"}],"replies":[{"embeddable":true,"href":"https:\/\/wpserwis.cfolks.pl\/r2\/wp-json\/wp\/v2\/comments?post=31926"}],"version-history":[{"count":0,"href":"https:\/\/wpserwis.cfolks.pl\/r2\/wp-json\/wp\/v2\/posts\/31926\/revisions"}],"wp:featuredmedia":[{"embeddable":true,"href":"https:\/\/wpserwis.cfolks.pl\/r2\/wp-json\/"}],"wp:attachment":[{"href":"https:\/\/wpserwis.cfolks.pl\/r2\/wp-json\/wp\/v2\/media?parent=31926"}],"wp:term":[{"taxonomy":"category","embeddable":true,"href":"https:\/\/wpserwis.cfolks.pl\/r2\/wp-json\/wp\/v2\/categories?post=31926"},{"taxonomy":"post_tag","embeddable":true,"href":"https:\/\/wpserwis.cfolks.pl\/r2\/wp-json\/wp\/v2\/tags?post=31926"}],"curies":[{"name":"wp","href":"https:\/\/api.w.org\/{rel}","templated":true}]}}