{"id":31949,"date":"2023-11-27T11:02:28","date_gmt":"2023-11-27T10:02:28","guid":{"rendered":"https:\/\/wtw.waw.pl\/?p=31949"},"modified":"2023-11-27T11:02:28","modified_gmt":"2023-11-27T10:02:28","slug":"kalendarz-wtw-2024","status":"publish","type":"post","link":"https:\/\/wpserwis.cfolks.pl\/r2\/kalendarz-wtw-2024\/","title":{"rendered":"KALENDARZ WTW '2024"},"content":{"rendered":"<p>Bardzo nam mi\u0142o zakomunikowa\u0107, \u017ce niebawem pojawi si\u0119 w sprzeda\u017cy kalendarz klubowy na rok 2024. To pewnego rodzaju tradycja, kt\u00f3r\u0105 powtarzamy od kilku lat, tworz\u0105c klubowe kalendarze.<\/p>\n<p>Zdj\u0119cia do tegorocznego projektu kalendarza, powsta\u0142y w pa\u017adzierniku we wn\u0119trzach kamienicy WTW przy ul. Foksal 19 (obecnie dzia\u0142a tam restauracja i klub &#8222;Chaton&#8221;). Bohaterami 12 stron kalendarza, s\u0105 nasi zawodnicy wszystkich sekcji sportowych, grupa Amator\u00f3w oraz Zarz\u0105d WTW.<\/p>\n<p>Zdj\u0119cia wykonane przez nasz\u0105 by\u0142\u0105 zawodniczk\u0119 Mart\u0119 Brodziak, a projekt graficzny z\u0142o\u017cy\u0142a Mariola Matuszczyk.<\/p>\n<p><strong>Kalendarz pojawi si\u0119 z pocz\u0105tkiem grudnia, ale ju\u017c dzi\u015b mo\u017cna go zam\u00f3wi\u0107 wysy\u0142aj\u0105c do nas maila: wtw@wtw.waw.pl<\/strong><\/p>\n<p><strong>Cena: 69 z\u0142&nbsp; <\/strong>(tylko odbi\u00f3r w\u0142asny)<\/p>\n<p>format B2 (68 x 48 cm)<\/p>\n<p>*edycja limitowana<\/p>\n<p>&nbsp;<\/p>\n<p>&nbsp;<\/p>\n<p><a href=\"https:\/\/wpserwis.cfolks.pl\/r2\/wp-content\/uploads\/2023\/11\/KALENDARZ-WTW-2024.png\"><img loading=\"lazy\" decoding=\"async\" class=\"alignnone size-large wp-image-31950\" src=\"https:\/\/wpserwis.cfolks.pl\/r2\/wp-content\/uploads\/2023\/11\/KALENDARZ-WTW-2024-1024x577.png\" alt=\"\" width=\"1024\" height=\"577\"><\/a><\/p>\n<p>&nbsp;<\/p>\n<p>&nbsp;<\/p>\n<p>&nbsp;<\/p>\n<p>&nbsp;<\/p>\n","protected":false},"excerpt":{"rendered":"<p>Bardzo nam mi\u0142o zakomunikowa\u0107, \u017ce niebawem pojawi si\u0119 w sprzeda\u017cy kalendarz klubowy na rok 2024. To pewnego rodzaju tradycja, kt\u00f3r\u0105 powtarzamy od kilku lat, tworz\u0105c klubowe kalendarze. Zdj\u0119cia do tegorocznego projektu kalendarza, powsta\u0142y w pa\u017adzierniku we wn\u0119trzach kamienicy WTW przy ul. Foksal 19 (obecnie dzia\u0142a tam restauracja i klub &#8222;Chaton&#8221;). Bohaterami 12 stron kalendarza, s\u0105 [&hellip;]<\/p>\n","protected":false},"author":1,"featured_media":31950,"comment_status":"closed","ping_status":"closed","sticky":false,"template":"","format":"standard","meta":{"_acf_changed":false,"footnotes":""},"categories":[1],"tags":[],"class_list":["post-31949","post","type-post","status-publish","format-standard","has-post-thumbnail","hentry","category-bez-kategorii"],"acf":[],"_links":{"self":[{"href":"https:\/\/wpserwis.cfolks.pl\/r2\/wp-json\/wp\/v2\/posts\/31949","targetHints":{"allow":["GET"]}}],"collection":[{"href":"https:\/\/wpserwis.cfolks.pl\/r2\/wp-json\/wp\/v2\/posts"}],"about":[{"href":"https:\/\/wpserwis.cfolks.pl\/r2\/wp-json\/wp\/v2\/types\/post"}],"author":[{"embeddable":true,"href":"https:\/\/wpserwis.cfolks.pl\/r2\/wp-json\/wp\/v2\/users\/1"}],"replies":[{"embeddable":true,"href":"https:\/\/wpserwis.cfolks.pl\/r2\/wp-json\/wp\/v2\/comments?post=31949"}],"version-history":[{"count":0,"href":"https:\/\/wpserwis.cfolks.pl\/r2\/wp-json\/wp\/v2\/posts\/31949\/revisions"}],"wp:featuredmedia":[{"embeddable":true,"href":"https:\/\/wpserwis.cfolks.pl\/r2\/wp-json\/"}],"wp:attachment":[{"href":"https:\/\/wpserwis.cfolks.pl\/r2\/wp-json\/wp\/v2\/media?parent=31949"}],"wp:term":[{"taxonomy":"category","embeddable":true,"href":"https:\/\/wpserwis.cfolks.pl\/r2\/wp-json\/wp\/v2\/categories?post=31949"},{"taxonomy":"post_tag","embeddable":true,"href":"https:\/\/wpserwis.cfolks.pl\/r2\/wp-json\/wp\/v2\/tags?post=31949"}],"curies":[{"name":"wp","href":"https:\/\/api.w.org\/{rel}","templated":true}]}}