{"id":32002,"date":"2023-12-14T09:24:26","date_gmt":"2023-12-14T08:24:26","guid":{"rendered":"https:\/\/wtw.waw.pl\/?p=32002"},"modified":"2023-12-14T09:24:26","modified_gmt":"2023-12-14T08:24:26","slug":"seniorzy-z-bemowa-wioslowali-na-wioslarskiej-6","status":"publish","type":"post","link":"https:\/\/wpserwis.cfolks.pl\/r2\/seniorzy-z-bemowa-wioslowali-na-wioslarskiej-6\/","title":{"rendered":"SENIORZY Z BEMOWA WIOS\u0141OWALI NA WIO\u015aLARSKIEJ 6"},"content":{"rendered":"<div class=\"\" dir=\"auto\">\n<div id=\":r71:\" class=\"x1iorvi4 x1pi30zi x1l90r2v x1swvt13\" data-ad-comet-preview=\"message\" data-ad-preview=\"message\">\n<div class=\"x78zum5 xdt5ytf xz62fqu x16ldp7u\">\n<div class=\"xu06os2 x1ok221b\">\n<div class=\"xdj266r x11i5rnm xat24cr x1mh8g0r x1vvkbs x126k92a\">\n<div dir=\"auto\">W minion\u0105 niedziel\u0119 odwiedzili nas ponownie Seniorzy z dzielnicy Bemowo. Trening na obiekcie WTW przy ul. Wio\u015blarskiej 6, poprowadzi\u0142a olimpijka i br\u0105zowa medalistka Mistrzostw \u015awiata &#8211; Sylwia Kocerka.<\/div>\n<div dir=\"auto\">Seniorzy bemowscy to:<\/div>\n<div dir=\"auto\">\n<div class=\"x11i5rnm xat24cr x1mh8g0r x1vvkbs xtlvy1s x126k92a\">\n<div dir=\"auto\"><span class=\"x3nfvp2 x1j61x8r x1fcty0u xdj266r xhhsvwb xat24cr xgzva0m xxymvpz xlup9mm x1kky2od\"><img loading=\"lazy\" decoding=\"async\" class=\"xz74otr\" src=\"https:\/\/static.xx.fbcdn.net\/images\/emoji.php\/v9\/tdc\/2\/16\/1f3c5.png\" alt=\"\ud83c\udfc5\" width=\"16\" height=\"16\"><\/span>I miejsce na V Warszawskiej Olimpiadzie Senior\u00f3w, w kt\u00f3rej wzi\u0119\u0142o udzia\u0142 w 200 zawodnik\u00f3w,<\/div>\n<div dir=\"auto\"><span class=\"x3nfvp2 x1j61x8r x1fcty0u xdj266r xhhsvwb xat24cr xgzva0m xxymvpz xlup9mm x1kky2od\"><img loading=\"lazy\" decoding=\"async\" class=\"xz74otr\" src=\"https:\/\/static.xx.fbcdn.net\/images\/emoji.php\/v9\/tdc\/2\/16\/1f3c5.png\" alt=\"\ud83c\udfc5\" width=\"16\" height=\"16\"><\/span>Mistrzostwa Mazowsza w Mrozach<\/div>\n<div dir=\"auto\"><span class=\"x3nfvp2 x1j61x8r x1fcty0u xdj266r xhhsvwb xat24cr xgzva0m xxymvpz xlup9mm x1kky2od\"><img loading=\"lazy\" decoding=\"async\" class=\"xz74otr\" src=\"https:\/\/static.xx.fbcdn.net\/images\/emoji.php\/v9\/tdc\/2\/16\/1f3c5.png\" alt=\"\ud83c\udfc5\" width=\"16\" height=\"16\"><\/span>Vice &#8211; Mistrzostwa na Mi\u0119dzynarodowej Olimpiadzie Senior\u00f3w w \u0141azach (ko\u0142o Zawiercia).<\/div>\n<\/div>\n<\/div>\n<div dir=\"auto\">&nbsp;<\/div>\n<div dir=\"auto\">Jeste\u015bmy pod du\u017cym wra\u017ceniem aktywno\u015bci Senior\u00f3w z grupy Pani Katarzyny Nied\u017awieckiej &#8211; Naczelnik Wydzia\u0142u Sportu i Rekreacji w dzielnicy Bemowo.<\/div>\n<div dir=\"auto\">Zapraszamy cz\u0119\u015bciej !<\/div>\n<\/div>\n<\/div>\n<\/div>\n<\/div>\n<\/div>\n<div dir=\"auto\">&nbsp;<\/div>\n<div dir=\"auto\">&nbsp;<\/div>\n<div dir=\"auto\"><a href=\"https:\/\/wpserwis.cfolks.pl\/r2\/wp-content\/uploads\/2023\/12\/409976448_18398512141016863_5040481156895889068_n.jpg\"><img loading=\"lazy\" decoding=\"async\" class=\"alignnone wp-image-32004 size-medium\" src=\"https:\/\/wpserwis.cfolks.pl\/r2\/wp-content\/uploads\/2023\/12\/409976448_18398512141016863_5040481156895889068_n-300x169.jpg\" alt=\"\" width=\"300\" height=\"169\"><\/a> <a href=\"https:\/\/wpserwis.cfolks.pl\/r2\/wp-content\/uploads\/2023\/12\/410015495_18398512126016863_98694579723322437_n.jpg\"><img loading=\"lazy\" decoding=\"async\" class=\"alignnone wp-image-32005 size-medium\" src=\"https:\/\/wpserwis.cfolks.pl\/r2\/wp-content\/uploads\/2023\/12\/410015495_18398512126016863_98694579723322437_n-300x170.jpg\" alt=\"\" width=\"300\" height=\"170\"><\/a><\/div>\n","protected":false},"excerpt":{"rendered":"<p>W minion\u0105 niedziel\u0119 odwiedzili nas ponownie Seniorzy z dzielnicy Bemowo. Trening na obiekcie WTW przy ul. Wio\u015blarskiej 6, poprowadzi\u0142a olimpijka i br\u0105zowa medalistka Mistrzostw \u015awiata &#8211; Sylwia Kocerka. Seniorzy bemowscy to: I miejsce na V Warszawskiej Olimpiadzie Senior\u00f3w, w kt\u00f3rej wzi\u0119\u0142o udzia\u0142 w 200 zawodnik\u00f3w, Mistrzostwa Mazowsza w Mrozach Vice &#8211; Mistrzostwa na Mi\u0119dzynarodowej Olimpiadzie [&hellip;]<\/p>\n","protected":false},"author":1,"featured_media":32003,"comment_status":"closed","ping_status":"closed","sticky":false,"template":"","format":"standard","meta":{"_acf_changed":false,"footnotes":""},"categories":[1],"tags":[],"class_list":["post-32002","post","type-post","status-publish","format-standard","has-post-thumbnail","hentry","category-bez-kategorii"],"acf":[],"_links":{"self":[{"href":"https:\/\/wpserwis.cfolks.pl\/r2\/wp-json\/wp\/v2\/posts\/32002","targetHints":{"allow":["GET"]}}],"collection":[{"href":"https:\/\/wpserwis.cfolks.pl\/r2\/wp-json\/wp\/v2\/posts"}],"about":[{"href":"https:\/\/wpserwis.cfolks.pl\/r2\/wp-json\/wp\/v2\/types\/post"}],"author":[{"embeddable":true,"href":"https:\/\/wpserwis.cfolks.pl\/r2\/wp-json\/wp\/v2\/users\/1"}],"replies":[{"embeddable":true,"href":"https:\/\/wpserwis.cfolks.pl\/r2\/wp-json\/wp\/v2\/comments?post=32002"}],"version-history":[{"count":0,"href":"https:\/\/wpserwis.cfolks.pl\/r2\/wp-json\/wp\/v2\/posts\/32002\/revisions"}],"wp:featuredmedia":[{"embeddable":true,"href":"https:\/\/wpserwis.cfolks.pl\/r2\/wp-json\/"}],"wp:attachment":[{"href":"https:\/\/wpserwis.cfolks.pl\/r2\/wp-json\/wp\/v2\/media?parent=32002"}],"wp:term":[{"taxonomy":"category","embeddable":true,"href":"https:\/\/wpserwis.cfolks.pl\/r2\/wp-json\/wp\/v2\/categories?post=32002"},{"taxonomy":"post_tag","embeddable":true,"href":"https:\/\/wpserwis.cfolks.pl\/r2\/wp-json\/wp\/v2\/tags?post=32002"}],"curies":[{"name":"wp","href":"https:\/\/api.w.org\/{rel}","templated":true}]}}