{"id":32312,"date":"2024-01-02T09:25:29","date_gmt":"2024-01-02T08:25:29","guid":{"rendered":"https:\/\/wtw.waw.pl\/?p=32312"},"modified":"2024-01-02T09:25:29","modified_gmt":"2024-01-02T08:25:29","slug":"domanski-i-plominski-powolani-na-zgrupowaniu-kadry-narodowej-seniorow","status":"publish","type":"post","link":"https:\/\/wpserwis.cfolks.pl\/r2\/domanski-i-plominski-powolani-na-zgrupowaniu-kadry-narodowej-seniorow\/","title":{"rendered":"DOMA\u0143SKI I P\u0141OMI\u0143SKI POWO\u0141ANI NA ZGRUPOWANIE KADRY NARODOWEJ SENIOR\u00d3W"},"content":{"rendered":"<p>Pocz\u0105tek roku i od razu dobre wie\u015bci. Polski Zwi\u0105zek Towarzystw Wio\u015blarskich powo\u0142a\u0142 zawodnik\u00f3w WTW Konrada Doma\u0144skiego i Piotra P\u0142omi\u0144skiego na zgrupowanie kadry narodowej senior\u00f3w. Zgrupowanie odb\u0119dzie si\u0119 we w\u0142oskim Livigno w terminie 4-25 stycznia.<\/p>\n<p>&nbsp;<\/p>\n<p>&nbsp;<\/p>\n<p>&nbsp;<\/p>\n<p>&nbsp;<\/p>\n<p>&nbsp;<\/p>\n<p>&nbsp;<\/p>\n<p>.<\/p>\n","protected":false},"excerpt":{"rendered":"<p>Pocz\u0105tek roku i od razu dobre wie\u015bci. Polski Zwi\u0105zek Towarzystw Wio\u015blarskich powo\u0142a\u0142 zawodnik\u00f3w WTW Konrada Doma\u0144skiego i Piotra P\u0142omi\u0144skiego na zgrupowanie kadry narodowej senior\u00f3w. Zgrupowanie odb\u0119dzie si\u0119 we w\u0142oskim Livigno w terminie 4-25 stycznia. &nbsp; &nbsp; &nbsp; &nbsp; &nbsp; &nbsp; .<\/p>\n","protected":false},"author":1,"featured_media":32313,"comment_status":"closed","ping_status":"closed","sticky":false,"template":"","format":"standard","meta":{"_acf_changed":false,"footnotes":""},"categories":[1],"tags":[],"class_list":["post-32312","post","type-post","status-publish","format-standard","has-post-thumbnail","hentry","category-bez-kategorii"],"acf":[],"_links":{"self":[{"href":"https:\/\/wpserwis.cfolks.pl\/r2\/wp-json\/wp\/v2\/posts\/32312","targetHints":{"allow":["GET"]}}],"collection":[{"href":"https:\/\/wpserwis.cfolks.pl\/r2\/wp-json\/wp\/v2\/posts"}],"about":[{"href":"https:\/\/wpserwis.cfolks.pl\/r2\/wp-json\/wp\/v2\/types\/post"}],"author":[{"embeddable":true,"href":"https:\/\/wpserwis.cfolks.pl\/r2\/wp-json\/wp\/v2\/users\/1"}],"replies":[{"embeddable":true,"href":"https:\/\/wpserwis.cfolks.pl\/r2\/wp-json\/wp\/v2\/comments?post=32312"}],"version-history":[{"count":0,"href":"https:\/\/wpserwis.cfolks.pl\/r2\/wp-json\/wp\/v2\/posts\/32312\/revisions"}],"wp:featuredmedia":[{"embeddable":true,"href":"https:\/\/wpserwis.cfolks.pl\/r2\/wp-json\/"}],"wp:attachment":[{"href":"https:\/\/wpserwis.cfolks.pl\/r2\/wp-json\/wp\/v2\/media?parent=32312"}],"wp:term":[{"taxonomy":"category","embeddable":true,"href":"https:\/\/wpserwis.cfolks.pl\/r2\/wp-json\/wp\/v2\/categories?post=32312"},{"taxonomy":"post_tag","embeddable":true,"href":"https:\/\/wpserwis.cfolks.pl\/r2\/wp-json\/wp\/v2\/tags?post=32312"}],"curies":[{"name":"wp","href":"https:\/\/api.w.org\/{rel}","templated":true}]}}