{"id":32366,"date":"2024-01-08T10:47:31","date_gmt":"2024-01-08T09:47:31","guid":{"rendered":"https:\/\/wtw.waw.pl\/?p=32366"},"modified":"2024-01-08T10:47:31","modified_gmt":"2024-01-08T09:47:31","slug":"piotr-i-konrad-w-livigno-raport-ze-zgrupowania-kadry","status":"publish","type":"post","link":"https:\/\/wpserwis.cfolks.pl\/r2\/piotr-i-konrad-w-livigno-raport-ze-zgrupowania-kadry\/","title":{"rendered":"PIOTR I KONRAD W LIVIGNO: RAPORT ZE ZGRUPOWANIA KADRY"},"content":{"rendered":"<p>Obecnie dw\u00f3jka naszych najlepszych zawodnik\u00f3w Konrad Doma\u0144ski i Piotr P\u0142omi\u0144ski, przebywa na zgrupowaniu kadry narodowej senior\u00f3w we w\u0142oskim Livigno. Warunki bajecznie zimowe, na brak \u015bniegu Panowie nie narzekaj\u0105. Przebywa\u0107 we W\u0142oszech b\u0119d\u0105 prawie do ko\u0144ca stycznia.<\/p>\n<p>Poni\u017cej kr\u00f3tki raport od Piotra:<\/p>\n<p><em><span class=\"x193iq5w xeuugli x13faqbe x1vvkbs xlh3980 xvmahel x1n0sxbx x1lliihq x1s928wv xhkezso x1gmr53x x1cpjm7i x1fgarty x1943h6x xudqn12 x3x7a5m x6prxxf xvq8zen xo1l8bm xzsf02u x1yc453h\" dir=\"auto\">&#8222;Pierwszy ob\u00f3z w nowym roku rozpocz\u0119ty. Jest to jedyny ob\u00f3z zimowy w tym roku. Trzy tygodnie sp\u0119dz\u0119 we w\u0142oskim Livingo. B\u0119d\u0119 je\u017adzi\u0142 najwi\u0119cej na nartach biegowych ale te\u017c na ergo i d\u017awiga\u0142 ci\u0119\u017cary na si\u0142ownii.<span class=\"x3nfvp2 x1j61x8r x1fcty0u xdj266r xhhsvwb xat24cr xgzva0m xxymvpz xlup9mm x1kky2od\"><img loading=\"lazy\" decoding=\"async\" class=\"xz74otr\" src=\"https:\/\/static.xx.fbcdn.net\/images\/emoji.php\/v9\/t1f\/2\/16\/1f92a.png\" alt=\"\ud83e\udd2a\" width=\"16\" height=\"16\"><\/span>Ci\u0119\u017ck\u0105 prac\u0105 przed mn\u0105. Byle by\u0142o z g\u00f3rki.<span class=\"x3nfvp2 x1j61x8r x1fcty0u xdj266r xhhsvwb xat24cr xgzva0m xxymvpz xlup9mm x1kky2od\"><img loading=\"lazy\" decoding=\"async\" class=\"xz74otr\" src=\"https:\/\/static.xx.fbcdn.net\/images\/emoji.php\/v9\/t6c\/2\/16\/1f643.png\" alt=\"\ud83d\ude43\" width=\"16\" height=\"16\"><\/span>.&#8221;<\/span><\/em><\/p>\n<p>My r\u00f3wnie\u017c \u017cyczymy obu naszym zawodnikom, aby w tym roku by\u0142o tylko z g\u00f3rki.<\/p>\n<p>Powodzenia i du\u017co zdrowia Panowie !<\/p>\n<p>&nbsp;<\/p>\n<p><a href=\"https:\/\/wpserwis.cfolks.pl\/r2\/wp-content\/uploads\/2024\/01\/418180698_18406220506040783_1397671127740107102_n.jpg\"><img loading=\"lazy\" decoding=\"async\" class=\"alignnone wp-image-32367 size-medium\" src=\"https:\/\/wpserwis.cfolks.pl\/r2\/wp-content\/uploads\/2024\/01\/418180698_18406220506040783_1397671127740107102_n-300x300.jpg\" alt=\"\" width=\"300\" height=\"300\"><\/a><a href=\"https:\/\/wpserwis.cfolks.pl\/r2\/wp-content\/uploads\/2024\/01\/418227781_18406220515040783_5303344589930524047_n.jpg\"><img loading=\"lazy\" decoding=\"async\" class=\"alignnone wp-image-32368 size-medium\" src=\"https:\/\/wpserwis.cfolks.pl\/r2\/wp-content\/uploads\/2024\/01\/418227781_18406220515040783_5303344589930524047_n-300x225.jpg\" alt=\"\" width=\"300\" height=\"225\"><\/a><\/p>\n<p>&nbsp;<\/p>\n<p>fot.: <a href=\"https:\/\/www.facebook.com\/profile.php?id=100003518422490\">profil Piotra P\u0142omi\u0144skiego na facebook&#8217;u<\/a><\/p>\n<p>&nbsp;<\/p>\n<p>&nbsp;<\/p>\n<p>.<\/p>\n","protected":false},"excerpt":{"rendered":"<p>Obecnie dw\u00f3jka naszych najlepszych zawodnik\u00f3w Konrad Doma\u0144ski i Piotr P\u0142omi\u0144ski, przebywa na zgrupowaniu kadry narodowej senior\u00f3w we w\u0142oskim Livigno. Warunki bajecznie zimowe, na brak \u015bniegu Panowie nie narzekaj\u0105. Przebywa\u0107 we W\u0142oszech b\u0119d\u0105 prawie do ko\u0144ca stycznia. Poni\u017cej kr\u00f3tki raport od Piotra: &#8222;Pierwszy ob\u00f3z w nowym roku rozpocz\u0119ty. Jest to jedyny ob\u00f3z zimowy w tym roku. [&hellip;]<\/p>\n","protected":false},"author":1,"featured_media":32369,"comment_status":"closed","ping_status":"closed","sticky":false,"template":"","format":"standard","meta":{"_acf_changed":false,"footnotes":""},"categories":[1],"tags":[],"class_list":["post-32366","post","type-post","status-publish","format-standard","has-post-thumbnail","hentry","category-bez-kategorii"],"acf":[],"_links":{"self":[{"href":"https:\/\/wpserwis.cfolks.pl\/r2\/wp-json\/wp\/v2\/posts\/32366","targetHints":{"allow":["GET"]}}],"collection":[{"href":"https:\/\/wpserwis.cfolks.pl\/r2\/wp-json\/wp\/v2\/posts"}],"about":[{"href":"https:\/\/wpserwis.cfolks.pl\/r2\/wp-json\/wp\/v2\/types\/post"}],"author":[{"embeddable":true,"href":"https:\/\/wpserwis.cfolks.pl\/r2\/wp-json\/wp\/v2\/users\/1"}],"replies":[{"embeddable":true,"href":"https:\/\/wpserwis.cfolks.pl\/r2\/wp-json\/wp\/v2\/comments?post=32366"}],"version-history":[{"count":0,"href":"https:\/\/wpserwis.cfolks.pl\/r2\/wp-json\/wp\/v2\/posts\/32366\/revisions"}],"wp:featuredmedia":[{"embeddable":true,"href":"https:\/\/wpserwis.cfolks.pl\/r2\/wp-json\/"}],"wp:attachment":[{"href":"https:\/\/wpserwis.cfolks.pl\/r2\/wp-json\/wp\/v2\/media?parent=32366"}],"wp:term":[{"taxonomy":"category","embeddable":true,"href":"https:\/\/wpserwis.cfolks.pl\/r2\/wp-json\/wp\/v2\/categories?post=32366"},{"taxonomy":"post_tag","embeddable":true,"href":"https:\/\/wpserwis.cfolks.pl\/r2\/wp-json\/wp\/v2\/tags?post=32366"}],"curies":[{"name":"wp","href":"https:\/\/api.w.org\/{rel}","templated":true}]}}