{"id":32413,"date":"2024-01-24T10:12:59","date_gmt":"2024-01-24T09:12:59","guid":{"rendered":"https:\/\/wtw.waw.pl\/?p=32413"},"modified":"2024-01-24T10:12:59","modified_gmt":"2024-01-24T09:12:59","slug":"nowy-optymist-dla-sekcji-regatowej-zeglarskiej","status":"publish","type":"post","link":"https:\/\/wpserwis.cfolks.pl\/r2\/nowy-optymist-dla-sekcji-regatowej-zeglarskiej\/","title":{"rendered":"&#8222;DOBRA DRU\u017bYNA PZU&#8221; &#8211; NOWY OPTYMIST DLA SEKCJI REGATOWEJ \u017bEGLARSKIEJ"},"content":{"rendered":"<p>Kolejna dobra informacja. Sekcja regatowa \u017ceglarska WTW Warszawa, wzbogaci\u0142a si\u0119 o kolejny nowy kad\u0142ub typu Optymist. Tym razem jest to kad\u0142ub regatowy zakupiony w ramach programu &#8222;Dobra Dru\u017cyna PZU&#8221;. Kad\u0142ub zosta\u0142 wyprodukowany w tym roku i spe\u0142nia wszelkie przepisy klasowe. Nowy sprz\u0119t umo\u017cliwi naszym zawodnikom starty w regatach nie tylko w Polsce, ale i za granic\u0105.<\/p>\n<p>To ju\u017c kolejny rok WTW z programem &#8222;Dobra Dru\u017cyna PZU&#8221;. W roku 2022 i 2023, ze \u015brodk\u00f3w programu uda\u0142o si\u0119 zakupi\u0107 <a href=\"https:\/\/wpserwis.cfolks.pl\/r2\/nowe-ergometry-dla-sekcji-sportowych-wtw\/\">ergometr wio\u015blarski<\/a> oraz <a href=\"https:\/\/wpserwis.cfolks.pl\/r2\/dobra-druzyna-pzu-zakupy-dla-zeglarzy\/\">osprz\u0119t \u017ceglarski.<\/a><\/p>\n<p>PZU &#8211; bardzo dzi\u0119kujemy za zaufanie i wspieranie dzia\u0142a\u0144 WTW Warszawa prowadz\u0105cych do sta\u0142ego rozwoju naszych sekcji sportowych.<\/p>\n<p>&nbsp;<\/p>\n<p><a href=\"https:\/\/wpserwis.cfolks.pl\/r2\/wp-content\/uploads\/2024\/01\/IMG_20240106_172503-scaled.jpg\"><img loading=\"lazy\" decoding=\"async\" class=\"alignnone wp-image-32415 size-large\" src=\"https:\/\/wpserwis.cfolks.pl\/r2\/wp-content\/uploads\/2024\/01\/IMG_20240106_172503-1024x768.jpg\" alt=\"\" width=\"1024\" height=\"768\"><\/a><\/p>\n<p>&nbsp;<\/p>\n<p>&nbsp;<\/p>\n","protected":false},"excerpt":{"rendered":"<p>Kolejna dobra informacja. Sekcja regatowa \u017ceglarska WTW Warszawa, wzbogaci\u0142a si\u0119 o kolejny nowy kad\u0142ub typu Optymist. Tym razem jest to kad\u0142ub regatowy zakupiony w ramach programu &#8222;Dobra Dru\u017cyna PZU&#8221;. Kad\u0142ub zosta\u0142 wyprodukowany w tym roku i spe\u0142nia wszelkie przepisy klasowe. Nowy sprz\u0119t umo\u017cliwi naszym zawodnikom starty w regatach nie tylko w Polsce, ale i za [&hellip;]<\/p>\n","protected":false},"author":1,"featured_media":32414,"comment_status":"closed","ping_status":"closed","sticky":false,"template":"","format":"standard","meta":{"_acf_changed":false,"footnotes":""},"categories":[1],"tags":[],"class_list":["post-32413","post","type-post","status-publish","format-standard","has-post-thumbnail","hentry","category-bez-kategorii"],"acf":[],"_links":{"self":[{"href":"https:\/\/wpserwis.cfolks.pl\/r2\/wp-json\/wp\/v2\/posts\/32413","targetHints":{"allow":["GET"]}}],"collection":[{"href":"https:\/\/wpserwis.cfolks.pl\/r2\/wp-json\/wp\/v2\/posts"}],"about":[{"href":"https:\/\/wpserwis.cfolks.pl\/r2\/wp-json\/wp\/v2\/types\/post"}],"author":[{"embeddable":true,"href":"https:\/\/wpserwis.cfolks.pl\/r2\/wp-json\/wp\/v2\/users\/1"}],"replies":[{"embeddable":true,"href":"https:\/\/wpserwis.cfolks.pl\/r2\/wp-json\/wp\/v2\/comments?post=32413"}],"version-history":[{"count":0,"href":"https:\/\/wpserwis.cfolks.pl\/r2\/wp-json\/wp\/v2\/posts\/32413\/revisions"}],"wp:featuredmedia":[{"embeddable":true,"href":"https:\/\/wpserwis.cfolks.pl\/r2\/wp-json\/"}],"wp:attachment":[{"href":"https:\/\/wpserwis.cfolks.pl\/r2\/wp-json\/wp\/v2\/media?parent=32413"}],"wp:term":[{"taxonomy":"category","embeddable":true,"href":"https:\/\/wpserwis.cfolks.pl\/r2\/wp-json\/wp\/v2\/categories?post=32413"},{"taxonomy":"post_tag","embeddable":true,"href":"https:\/\/wpserwis.cfolks.pl\/r2\/wp-json\/wp\/v2\/tags?post=32413"}],"curies":[{"name":"wp","href":"https:\/\/api.w.org\/{rel}","templated":true}]}}