{"id":32431,"date":"2024-01-31T11:42:08","date_gmt":"2024-01-31T10:42:08","guid":{"rendered":"https:\/\/wtw.waw.pl\/?p=32431"},"modified":"2024-01-31T11:42:08","modified_gmt":"2024-01-31T10:42:08","slug":"bartek-socha-i-janek-dziedzic-na-zgrupowaniu-kadry-narodowej","status":"publish","type":"post","link":"https:\/\/wpserwis.cfolks.pl\/r2\/bartek-socha-i-janek-dziedzic-na-zgrupowaniu-kadry-narodowej\/","title":{"rendered":"BARTEK SOCHA I JANEK DZIEDZIC NA ZGRUPOWANIU KADRY NARODOWEJ"},"content":{"rendered":"<div class=\"xdj266r x11i5rnm xat24cr x1mh8g0r x1vvkbs x126k92a\">\n<div dir=\"auto\">Kolejna \u015bwietna informacja nap\u0142yn\u0119\u0142a do nas w ostatnich dniach z centrali polskich wiose\u0142. Dw\u00f3ch naszych zawodnik\u00f3w: Bartek Socha oraz Jan Dziedzic \u015bwietnie zaprezentowali si\u0119 na mistrzostwach Polski na ergometrach wio\u015blarskich, co da\u0142o im przepustki na ob\u00f3z kadry m\u0142odzie\u017cowej w Zakopanem. Bardzo si\u0119 cieszymy. Morale po takich wiadomo\u015bciach idzie w g\u00f3r\u0119 w ca\u0142ej grupie sportowej. Brawo.<\/div>\n<div dir=\"auto\">&nbsp;<\/div>\n<\/div>\n<div class=\"x11i5rnm xat24cr x1mh8g0r x1vvkbs xtlvy1s x126k92a\">\n<div dir=\"auto\">Kilka s\u0142\u00f3w na gor\u0105co od ch\u0142opak\u00f3w:<\/div>\n<\/div>\n<div class=\"x11i5rnm xat24cr x1mh8g0r x1vvkbs xtlvy1s x126k92a\">\n<div dir=\"auto\">\u201e<em>Przed ergowios\u0142ami dowiedzieli\u015bmy si\u0119, \u017ce po zawodach mamy szans\u0119 pojecha\u0107 na zgrupowanie kadry m\u0142odzie\u017cowej. Warunkiem by\u0142o zrobienie solidnych czas\u00f3w na ergo we Wroc\u0142awiu, co oznacza\u0142o poprawienie naszych \u017cyci\u00f3wek na 2 km o kilka sekund. W dniu zawod\u00f3w zdrowe po\u0142\u0105czenie konstruktywnego stresu ze \u015bwiadomo\u015bci\u0105 solidnie przepracowanych przygtowa\u0144 pozwoli\u0142o nam dopi\u0105\u0107 swego. Po naszych biegach zadowoleni pojechali\u015bmy do COS Zakopane wraz z kadr\u0105, gdzie sp\u0119dzimy najbli\u017csze 2 tygodnie. Na obozie czeka nas du\u017co wysi\u0142ku na \u015bwie\u017cym powietrzu np treningi na nartach biegowych. Dzisiaj w planie jest r\u00f3wnie\u017c d\u0142ugo wyczekiwana przez nas si\u0142ownia&nbsp;. Cieszymy si\u0119 z danej nam szansy, ale wiemy, \u017ce to dopiero pocz\u0105tek! Obydwaj jeste\u015bmy zmotywowani, by m\u00f3c najbli\u017cszym sezonie rywalizowa\u0107 o najwy\u017csze cele&nbsp;<\/em> \u201e<\/div>\n<\/div>\n<div class=\"x11i5rnm xat24cr x1mh8g0r x1vvkbs xtlvy1s x126k92a\">\n<div dir=\"auto\">&nbsp;<\/div>\n<div dir=\"auto\">My gratulujemy i \u017cyczymy owocnej pracy na zgrupowaniu&nbsp;. Trzymamy kciuki za dalsz\u0105 cz\u0119\u015b\u0107 sezonu&nbsp;.<\/div>\n<\/div>\n<div dir=\"auto\">&nbsp;<\/div>\n<div dir=\"auto\"><a href=\"https:\/\/wpserwis.cfolks.pl\/r2\/wp-content\/uploads\/2024\/01\/422602024_18407847613016863_889554145940515411_n.jpg\"><img loading=\"lazy\" decoding=\"async\" class=\"alignnone size-large wp-image-32432\" src=\"https:\/\/wpserwis.cfolks.pl\/r2\/wp-content\/uploads\/2024\/01\/422602024_18407847613016863_889554145940515411_n-819x1024.jpg\" alt=\"\" width=\"819\" height=\"1024\"><\/a><\/div>\n","protected":false},"excerpt":{"rendered":"<p>Kolejna \u015bwietna informacja nap\u0142yn\u0119\u0142a do nas w ostatnich dniach z centrali polskich wiose\u0142. Dw\u00f3ch naszych zawodnik\u00f3w: Bartek Socha oraz Jan Dziedzic \u015bwietnie zaprezentowali si\u0119 na mistrzostwach Polski na ergometrach wio\u015blarskich, co da\u0142o im przepustki na ob\u00f3z kadry m\u0142odzie\u017cowej w Zakopanem. Bardzo si\u0119 cieszymy. Morale po takich wiadomo\u015bciach idzie w g\u00f3r\u0119 w ca\u0142ej grupie sportowej. Brawo. [&hellip;]<\/p>\n","protected":false},"author":1,"featured_media":32433,"comment_status":"closed","ping_status":"closed","sticky":false,"template":"","format":"standard","meta":{"_acf_changed":false,"footnotes":""},"categories":[1],"tags":[],"class_list":["post-32431","post","type-post","status-publish","format-standard","has-post-thumbnail","hentry","category-bez-kategorii"],"acf":[],"_links":{"self":[{"href":"https:\/\/wpserwis.cfolks.pl\/r2\/wp-json\/wp\/v2\/posts\/32431","targetHints":{"allow":["GET"]}}],"collection":[{"href":"https:\/\/wpserwis.cfolks.pl\/r2\/wp-json\/wp\/v2\/posts"}],"about":[{"href":"https:\/\/wpserwis.cfolks.pl\/r2\/wp-json\/wp\/v2\/types\/post"}],"author":[{"embeddable":true,"href":"https:\/\/wpserwis.cfolks.pl\/r2\/wp-json\/wp\/v2\/users\/1"}],"replies":[{"embeddable":true,"href":"https:\/\/wpserwis.cfolks.pl\/r2\/wp-json\/wp\/v2\/comments?post=32431"}],"version-history":[{"count":0,"href":"https:\/\/wpserwis.cfolks.pl\/r2\/wp-json\/wp\/v2\/posts\/32431\/revisions"}],"wp:featuredmedia":[{"embeddable":true,"href":"https:\/\/wpserwis.cfolks.pl\/r2\/wp-json\/"}],"wp:attachment":[{"href":"https:\/\/wpserwis.cfolks.pl\/r2\/wp-json\/wp\/v2\/media?parent=32431"}],"wp:term":[{"taxonomy":"category","embeddable":true,"href":"https:\/\/wpserwis.cfolks.pl\/r2\/wp-json\/wp\/v2\/categories?post=32431"},{"taxonomy":"post_tag","embeddable":true,"href":"https:\/\/wpserwis.cfolks.pl\/r2\/wp-json\/wp\/v2\/tags?post=32431"}],"curies":[{"name":"wp","href":"https:\/\/api.w.org\/{rel}","templated":true}]}}