{"id":32435,"date":"2024-02-07T18:40:25","date_gmt":"2024-02-07T17:40:25","guid":{"rendered":"https:\/\/wtw.waw.pl\/?p=32435"},"modified":"2024-02-07T18:40:25","modified_gmt":"2024-02-07T17:40:25","slug":"siedem-miesiecy-programu-badz-aktywny","status":"publish","type":"post","link":"https:\/\/wpserwis.cfolks.pl\/r2\/siedem-miesiecy-programu-badz-aktywny\/","title":{"rendered":"SIEDEM MIESI\u0118CY PROGRAMU &#8222;B\u0104D\u0179 AKTYWNY!&#8221;"},"content":{"rendered":"<p><em>Polski Komitet Paralimpijski rozpocz\u0105\u0142 realizacj\u0119 trzyletniego projektu \u201eB\u0105d\u017a AKTYWNY! 2023\u201d wsp\u00f3\u0142finansowanego ze \u015brodk\u00f3w Pa\u0144stwowego Funduszu Rehabilitacji Os\u00f3b Niepe\u0142nosprawnych oraz Ministerstwa Sportu i Turystyki.&nbsp;<\/em><\/p>\n<p><em>W ramach projektu \u201eB\u0105d\u017a AKTYWNY! 2023\u201d&nbsp; Warszawskie Towarzystwo Wio\u015blarskie we wsp\u00f3\u0142pracy ze Specjalnym O\u015brodkiem Szkolno-Wychowawczym dla Dzieci S\u0142abowidz\u0105cych nr 8 im. dr Zofii Galewskiej realizuje zaj\u0119cia z wio\u015blarstwa. <\/em><\/p>\n<p><em>Uczestnicy w pierwszym roku poznali prawid\u0142ow\u0105 technik\u0119 wios\u0142owania na ergometrze wio\u015blarskim, znacznie poprawili wytrzyma\u0142o\u015b\u0107 og\u00f3ln\u0105 organizmu oraz pracowali nad koordynacj\u0105 wzrokowo &#8211;&nbsp; ruchow\u0105. <\/em><\/p>\n<p><em>Dodatkowo zdobyli pierwsze do\u015bwiadczenia w p\u0142ywaniu na wodzie w \u0142odzi wio\u015blarskiej. <\/em><\/p>\n<p><em>Zaj\u0119cia prowadzone s\u0105 przez Micha\u0142a Hetma\u0144czyka wieloletniego tyflopedagoga, nauczyciela dyplomowanego i trenera zawodnik\u00f3w niewidomych i s\u0142abowidz\u0105cych w wio\u015blarstwie oraz Sylwi\u0119 Kocerk\u0119 \u2013 polsk\u0105 wio\u015blark\u0119, olimpijk\u0119 z Londynu, by\u0142\u0105 zawodniczk\u0119 Warszawskiego Towarzystwa Wio\u015blarskiego oraz br\u0105zow\u0105 medalistk\u0119 mistrzostw \u015bwiata w czw\u00f3rce podw\u00f3jnej.&nbsp; Od lutego br. trenerk\u0119 grupy regatowej wio\u015blarskiej naszego Towarzystwa.<br \/>\n<\/em><\/p>\n<p>\u00a0<\/p>\n<blockquote class=\"wp-embedded-content\" data-secret=\"iW5Od2QYS2\"><p><a href=\"https:\/\/wpserwis.cfolks.pl\/r2\/uczestnicy-programu-badz-aktywny-trenuja-na-wodzie\/\">UCZESTNICY PROGRAMU &#8222;B\u0104D\u0179 AKTYWNY&#8221; TRENUJ\u0104 NA WODZIE.<\/a><\/p><\/blockquote>\n<p><iframe loading=\"lazy\" class=\"wp-embedded-content\" sandbox=\"allow-scripts\" security=\"restricted\" style=\"position: absolute; visibility: hidden;\" title=\"&#8222;UCZESTNICY PROGRAMU &#8222;B\u0104D\u0179 AKTYWNY&#8221; TRENUJ\u0104 NA WODZIE.&#8221; &#8212; Warszawskie Towarzystwo Wio\u015blarskie\" src=\"https:\/\/wpserwis.cfolks.pl\/r2\/uczestnicy-programu-badz-aktywny-trenuja-na-wodzie\/embed\/#?secret=77TywgLakk#?secret=iW5Od2QYS2\" data-secret=\"iW5Od2QYS2\" width=\"600\" height=\"338\" frameborder=\"0\" marginwidth=\"0\" marginheight=\"0\" scrolling=\"no\"><\/iframe><\/p>\n<blockquote class=\"wp-embedded-content\" data-secret=\"ZZxZxvuOsE\"><p><a href=\"https:\/\/wpserwis.cfolks.pl\/r2\/30643-2\/\">&#8217;B\u0104D\u0179 AKTYWNY&#8221; &#8211; WSP\u00d3\u0141PRACA Z POLSKIM KOMITETEM PARALIMPIJSKIM<\/a><\/p><\/blockquote>\n<p><iframe loading=\"lazy\" class=\"wp-embedded-content\" sandbox=\"allow-scripts\" security=\"restricted\" style=\"position: absolute; visibility: hidden;\" title=\"&#8222;&#8217;B\u0104D\u0179 AKTYWNY&#8221; &#8211; WSP\u00d3\u0141PRACA Z POLSKIM KOMITETEM PARALIMPIJSKIM&#8221; &#8212; Warszawskie Towarzystwo Wio\u015blarskie\" src=\"https:\/\/wpserwis.cfolks.pl\/r2\/30643-2\/embed\/#?secret=G70XxeVOwI#?secret=ZZxZxvuOsE\" data-secret=\"ZZxZxvuOsE\" width=\"600\" height=\"338\" frameborder=\"0\" marginwidth=\"0\" marginheight=\"0\" scrolling=\"no\"><\/iframe><\/p>\n<p>\u00a0<\/p>\n<p>\u00a0<\/p>\n<p>.<\/p>\n","protected":false},"excerpt":{"rendered":"<p>Polski Komitet Paralimpijski rozpocz\u0105\u0142 realizacj\u0119 trzyletniego projektu \u201eB\u0105d\u017a AKTYWNY! 2023\u201d wsp\u00f3\u0142finansowanego ze \u015brodk\u00f3w Pa\u0144stwowego Funduszu Rehabilitacji Os\u00f3b Niepe\u0142nosprawnych oraz Ministerstwa Sportu i Turystyki.&nbsp; W ramach projektu \u201eB\u0105d\u017a AKTYWNY! 2023\u201d&nbsp; Warszawskie Towarzystwo Wio\u015blarskie we wsp\u00f3\u0142pracy ze Specjalnym O\u015brodkiem Szkolno-Wychowawczym dla Dzieci S\u0142abowidz\u0105cych nr 8 im. dr Zofii Galewskiej realizuje zaj\u0119cia z wio\u015blarstwa. Uczestnicy w pierwszym roku [&hellip;]<\/p>\n","protected":false},"author":1,"featured_media":32436,"comment_status":"closed","ping_status":"closed","sticky":false,"template":"","format":"standard","meta":{"_acf_changed":false,"footnotes":""},"categories":[1],"tags":[],"class_list":["post-32435","post","type-post","status-publish","format-standard","has-post-thumbnail","hentry","category-bez-kategorii"],"acf":[],"_links":{"self":[{"href":"https:\/\/wpserwis.cfolks.pl\/r2\/wp-json\/wp\/v2\/posts\/32435","targetHints":{"allow":["GET"]}}],"collection":[{"href":"https:\/\/wpserwis.cfolks.pl\/r2\/wp-json\/wp\/v2\/posts"}],"about":[{"href":"https:\/\/wpserwis.cfolks.pl\/r2\/wp-json\/wp\/v2\/types\/post"}],"author":[{"embeddable":true,"href":"https:\/\/wpserwis.cfolks.pl\/r2\/wp-json\/wp\/v2\/users\/1"}],"replies":[{"embeddable":true,"href":"https:\/\/wpserwis.cfolks.pl\/r2\/wp-json\/wp\/v2\/comments?post=32435"}],"version-history":[{"count":0,"href":"https:\/\/wpserwis.cfolks.pl\/r2\/wp-json\/wp\/v2\/posts\/32435\/revisions"}],"wp:featuredmedia":[{"embeddable":true,"href":"https:\/\/wpserwis.cfolks.pl\/r2\/wp-json\/"}],"wp:attachment":[{"href":"https:\/\/wpserwis.cfolks.pl\/r2\/wp-json\/wp\/v2\/media?parent=32435"}],"wp:term":[{"taxonomy":"category","embeddable":true,"href":"https:\/\/wpserwis.cfolks.pl\/r2\/wp-json\/wp\/v2\/categories?post=32435"},{"taxonomy":"post_tag","embeddable":true,"href":"https:\/\/wpserwis.cfolks.pl\/r2\/wp-json\/wp\/v2\/tags?post=32435"}],"curies":[{"name":"wp","href":"https:\/\/api.w.org\/{rel}","templated":true}]}}