{"id":32451,"date":"2024-02-19T09:00:41","date_gmt":"2024-02-19T08:00:41","guid":{"rendered":"https:\/\/wtw.waw.pl\/?p=32451"},"modified":"2024-02-19T09:00:41","modified_gmt":"2024-02-19T08:00:41","slug":"bartek-socha-powolany-na-zgrupowanie-kadry-mlodziezowej-do-portugalii","status":"publish","type":"post","link":"https:\/\/wpserwis.cfolks.pl\/r2\/bartek-socha-powolany-na-zgrupowanie-kadry-mlodziezowej-do-portugalii\/","title":{"rendered":"BARTEK SOCHA POWO\u0141ANY NA ZGRUPOWANIE KADRY M\u0141ODZIE\u017bOWEJ W PORTUGALII"},"content":{"rendered":"<p>Kolejny \u015bwietny news nap\u0142yn\u0105\u0142 z centrali polskich wiose\u0142 do naszego klubu. Nasz zawodnik Bartek Socha otrzyma\u0142 powo\u0142anie na zgrupowanie m\u0142odzie\u017cowej reprezentacji Polski w Portugalii. Zgrupowanie odb\u0119dzie si\u0119 w dniach 25.02-14.03 w Lago Azul.<\/p>\n<p>Po dobrym wyst\u0119pie w styczniowych ergowios\u0142ach, to ju\u017c jest drugie tegoroczne zgrupowanie Bartka. Pierwsze odby\u0142o si\u0119 w Zakopanem , gdzie zosta\u0142 powo\u0142any wraz z koleg\u0105 klubowym Janem Dziedzicem.<\/p>\n<p>Naszemu ubieg\u0142orocznemu Mistrzowi Polski Junior\u00f3w (dw\u00f3jka bez sternika w osadzie z Bartkiem Niemczykiem) \u017cyczymy spokojnych i zdrowych przygotowa\u0144 do nowego sezonu, kt\u00f3ry zapowiada si\u0119 niezwykle interesuj\u0105co.<\/p>\n<p>Powodzenia Bartek !<\/p>\n<p>&nbsp;<\/p>\n<p>&nbsp;<\/p>\n<p>&nbsp;<\/p>\n<p>.<\/p>\n","protected":false},"excerpt":{"rendered":"<p>Kolejny \u015bwietny news nap\u0142yn\u0105\u0142 z centrali polskich wiose\u0142 do naszego klubu. Nasz zawodnik Bartek Socha otrzyma\u0142 powo\u0142anie na zgrupowanie m\u0142odzie\u017cowej reprezentacji Polski w Portugalii. Zgrupowanie odb\u0119dzie si\u0119 w dniach 25.02-14.03 w Lago Azul. Po dobrym wyst\u0119pie w styczniowych ergowios\u0142ach, to ju\u017c jest drugie tegoroczne zgrupowanie Bartka. Pierwsze odby\u0142o si\u0119 w Zakopanem , gdzie zosta\u0142 powo\u0142any [&hellip;]<\/p>\n","protected":false},"author":1,"featured_media":32452,"comment_status":"closed","ping_status":"closed","sticky":false,"template":"","format":"standard","meta":{"_acf_changed":false,"footnotes":""},"categories":[1],"tags":[],"class_list":["post-32451","post","type-post","status-publish","format-standard","has-post-thumbnail","hentry","category-bez-kategorii"],"acf":[],"_links":{"self":[{"href":"https:\/\/wpserwis.cfolks.pl\/r2\/wp-json\/wp\/v2\/posts\/32451","targetHints":{"allow":["GET"]}}],"collection":[{"href":"https:\/\/wpserwis.cfolks.pl\/r2\/wp-json\/wp\/v2\/posts"}],"about":[{"href":"https:\/\/wpserwis.cfolks.pl\/r2\/wp-json\/wp\/v2\/types\/post"}],"author":[{"embeddable":true,"href":"https:\/\/wpserwis.cfolks.pl\/r2\/wp-json\/wp\/v2\/users\/1"}],"replies":[{"embeddable":true,"href":"https:\/\/wpserwis.cfolks.pl\/r2\/wp-json\/wp\/v2\/comments?post=32451"}],"version-history":[{"count":0,"href":"https:\/\/wpserwis.cfolks.pl\/r2\/wp-json\/wp\/v2\/posts\/32451\/revisions"}],"wp:featuredmedia":[{"embeddable":true,"href":"https:\/\/wpserwis.cfolks.pl\/r2\/wp-json\/"}],"wp:attachment":[{"href":"https:\/\/wpserwis.cfolks.pl\/r2\/wp-json\/wp\/v2\/media?parent=32451"}],"wp:term":[{"taxonomy":"category","embeddable":true,"href":"https:\/\/wpserwis.cfolks.pl\/r2\/wp-json\/wp\/v2\/categories?post=32451"},{"taxonomy":"post_tag","embeddable":true,"href":"https:\/\/wpserwis.cfolks.pl\/r2\/wp-json\/wp\/v2\/tags?post=32451"}],"curies":[{"name":"wp","href":"https:\/\/api.w.org\/{rel}","templated":true}]}}