{"id":32491,"date":"2024-02-27T08:32:35","date_gmt":"2024-02-27T07:32:35","guid":{"rendered":"https:\/\/wtw.waw.pl\/?p=32491"},"modified":"2024-02-27T08:32:35","modified_gmt":"2024-02-27T07:32:35","slug":"josephine-schlesinger-w-debiucie-na-mistrzostwach-swiata","status":"publish","type":"post","link":"https:\/\/wpserwis.cfolks.pl\/r2\/josephine-schlesinger-w-debiucie-na-mistrzostwach-swiata\/","title":{"rendered":"JOSEPHINE SCHLESINGER W DEBIUCIE NA MISTRZOSTWACH \u015aWIATA"},"content":{"rendered":"<div class=\"xdj266r x11i5rnm xat24cr x1mh8g0r x1vvkbs x126k92a\">\n<div dir=\"auto\">Zawodniczka sekcji regatowej wio\u015blarskiej&nbsp; Josephine Schlesinger (2009 r.) jako jedyna z zawodnik\u00f3w naszego klubu, wzi\u0119\u0142a udzia\u0142 w Mistrzostwach \u015awiata na ergometrze wio\u015blarskim, kt\u00f3re odby\u0142y si\u0119 23-24.02 w czeskiej Pradze .<\/div>\n<div dir=\"auto\">&nbsp;<\/div>\n<div dir=\"auto\">Niezwykle sympatyczna &#8222;J\u00f3zia&#8221; spisa\u0142a si\u0119 \u015bwietnie na obu dystansach: 500m oraz 2000m, na obydwu poprawiaj\u0105c rekordy \u017cyciowe o blisko 5 sekund. Dla J\u00f3zi najwi\u0119ksze wra\u017cenie zrobili mastersi oraz zawodnicy kategorii 80+ i to oni jak nam powiedzia\u0142a j\u0105 najbardziej inspiruj\u0105. Na zawodach panowa\u0142a \u015bwietna atmosfera. Wszyscy si\u0119 wspierali i czu\u0107 by\u0142o du\u017ce zjednoczenie.<\/div>\n<\/div>\n<div class=\"xdj266r x11i5rnm xat24cr x1mh8g0r x1vvkbs x126k92a\">\n<div dir=\"auto\">&nbsp;<\/div>\n<div dir=\"auto\">Josephine jest podopieczn\u0105 trenerki klubowej WTW &#8211; Agnieszki Wulczy\u0144skiej.<\/div>\n<\/div>\n<div class=\"x11i5rnm xat24cr x1mh8g0r x1vvkbs xtlvy1s x126k92a\">\n<div dir=\"auto\">&nbsp;<\/div>\n<div dir=\"auto\">My ogromnie gratulujemy J\u00f3zi i jej Trenerce . \u015awietna robota!<\/div>\n<\/div>\n<div dir=\"auto\">&nbsp;<\/div>\n<div dir=\"auto\">&nbsp;<\/div>\n<div dir=\"auto\">&nbsp;<\/div>\n<div dir=\"auto\">.<\/div>\n","protected":false},"excerpt":{"rendered":"<p>Zawodniczka sekcji regatowej wio\u015blarskiej&nbsp; Josephine Schlesinger (2009 r.) jako jedyna z zawodnik\u00f3w naszego klubu, wzi\u0119\u0142a udzia\u0142 w Mistrzostwach \u015awiata na ergometrze wio\u015blarskim, kt\u00f3re odby\u0142y si\u0119 23-24.02 w czeskiej Pradze . &nbsp; Niezwykle sympatyczna &#8222;J\u00f3zia&#8221; spisa\u0142a si\u0119 \u015bwietnie na obu dystansach: 500m oraz 2000m, na obydwu poprawiaj\u0105c rekordy \u017cyciowe o blisko 5 sekund. Dla J\u00f3zi najwi\u0119ksze [&hellip;]<\/p>\n","protected":false},"author":1,"featured_media":32492,"comment_status":"closed","ping_status":"closed","sticky":false,"template":"","format":"standard","meta":{"_acf_changed":false,"footnotes":""},"categories":[1],"tags":[],"class_list":["post-32491","post","type-post","status-publish","format-standard","has-post-thumbnail","hentry","category-bez-kategorii"],"acf":[],"_links":{"self":[{"href":"https:\/\/wpserwis.cfolks.pl\/r2\/wp-json\/wp\/v2\/posts\/32491","targetHints":{"allow":["GET"]}}],"collection":[{"href":"https:\/\/wpserwis.cfolks.pl\/r2\/wp-json\/wp\/v2\/posts"}],"about":[{"href":"https:\/\/wpserwis.cfolks.pl\/r2\/wp-json\/wp\/v2\/types\/post"}],"author":[{"embeddable":true,"href":"https:\/\/wpserwis.cfolks.pl\/r2\/wp-json\/wp\/v2\/users\/1"}],"replies":[{"embeddable":true,"href":"https:\/\/wpserwis.cfolks.pl\/r2\/wp-json\/wp\/v2\/comments?post=32491"}],"version-history":[{"count":0,"href":"https:\/\/wpserwis.cfolks.pl\/r2\/wp-json\/wp\/v2\/posts\/32491\/revisions"}],"wp:featuredmedia":[{"embeddable":true,"href":"https:\/\/wpserwis.cfolks.pl\/r2\/wp-json\/"}],"wp:attachment":[{"href":"https:\/\/wpserwis.cfolks.pl\/r2\/wp-json\/wp\/v2\/media?parent=32491"}],"wp:term":[{"taxonomy":"category","embeddable":true,"href":"https:\/\/wpserwis.cfolks.pl\/r2\/wp-json\/wp\/v2\/categories?post=32491"},{"taxonomy":"post_tag","embeddable":true,"href":"https:\/\/wpserwis.cfolks.pl\/r2\/wp-json\/wp\/v2\/tags?post=32491"}],"curies":[{"name":"wp","href":"https:\/\/api.w.org\/{rel}","templated":true}]}}