{"id":32508,"date":"2024-03-05T09:33:51","date_gmt":"2024-03-05T08:33:51","guid":{"rendered":"https:\/\/wtw.waw.pl\/?p=32508"},"modified":"2024-03-05T09:33:51","modified_gmt":"2024-03-05T08:33:51","slug":"rusz-sie-przed-swietami-wioslujemy-na-bemowie-17-03","status":"publish","type":"post","link":"https:\/\/wpserwis.cfolks.pl\/r2\/rusz-sie-przed-swietami-wioslujemy-na-bemowie-17-03\/","title":{"rendered":"RUSZ SI\u0118 PRZED \u015aWI\u0118TAMI &#8211; WIOS\u0141UJEMY NA BEMOWIE 17.03"},"content":{"rendered":"<div class=\"\" dir=\"auto\">\n<div id=\":Raleldakql9aqqd9emhpapd5aqH2:\" class=\"x1iorvi4 x1pi30zi x1l90r2v x1swvt13\" data-ad-comet-preview=\"message\" data-ad-preview=\"message\">\n<div class=\"x78zum5 xdt5ytf xz62fqu x16ldp7u\">\n<div class=\"xu06os2 x1ok221b\">\n<div class=\"xdj266r x11i5rnm xat24cr x1mh8g0r x1vvkbs x126k92a\">\n<div dir=\"auto\">Ju\u017c 17 marca, wsp\u00f3lnie z Dzielnic\u0105 Bemowo, b\u0119dziemy ponownie wios\u0142owa\u0107 w \u201eRusz si\u0119 przed \u015awi\u0119tami\u201d.&nbsp; Miejscem tego cyklicznego wydarzenia (bierzemy w nim udzia\u0142 ju\u017c kt\u00f3ry\u015b raz z rz\u0119du), b\u0119dzie hala sportowa O\u015brodka Sportu i Rekreacji w dzielnicy Bemowo (ul. Obro\u0144c\u00f3w Tobruku 40).<\/div>\n<div dir=\"auto\">&nbsp;<\/div>\n<div dir=\"auto\">Serdecznie zapraszamy do ergo-strefy Warszawskiego Towarzystwa Wio\u015blarskiego, ale i nie tylko. To b\u0119dzie impreza naszpikowana sportem !<\/div>\n<div dir=\"auto\">&nbsp;<\/div>\n<div dir=\"auto\">Wi\u0119cej informacji znale\u017a\u0107 mo\u017cna plakacie promuj\u0105cym wydarzenie.<\/div>\n<div dir=\"auto\">&nbsp;<\/div>\n<\/div>\n<div class=\"x11i5rnm xat24cr x1mh8g0r x1vvkbs xtlvy1s x126k92a\">\n<div dir=\"auto\">Gwiazd\u0105 z ramienia naszego klubu, b\u0119dzie Miko\u0142aj Kot &#8211; Mistrz Polski Junior\u00f3w <span class=\"x3nfvp2 x1j61x8r x1fcty0u xdj266r xhhsvwb xat24cr xgzva0m xxymvpz xlup9mm x1kky2od\">w wio\u015blarstwie.<\/span><\/div>\n<\/div>\n<div class=\"x11i5rnm xat24cr x1mh8g0r x1vvkbs xtlvy1s x126k92a\">\n<div dir=\"auto\">Do zobaczenia 17.03 !<\/div>\n<\/div>\n<\/div>\n<\/div>\n<\/div>\n<\/div>\n<div dir=\"auto\">&nbsp;<\/div>\n<div dir=\"auto\">&nbsp;<\/div>\n<div dir=\"auto\">&nbsp;<\/div>\n<div dir=\"auto\">.<\/div>\n","protected":false},"excerpt":{"rendered":"<p>Ju\u017c 17 marca, wsp\u00f3lnie z Dzielnic\u0105 Bemowo, b\u0119dziemy ponownie wios\u0142owa\u0107 w \u201eRusz si\u0119 przed \u015awi\u0119tami\u201d.&nbsp; Miejscem tego cyklicznego wydarzenia (bierzemy w nim udzia\u0142 ju\u017c kt\u00f3ry\u015b raz z rz\u0119du), b\u0119dzie hala sportowa O\u015brodka Sportu i Rekreacji w dzielnicy Bemowo (ul. Obro\u0144c\u00f3w Tobruku 40). &nbsp; Serdecznie zapraszamy do ergo-strefy Warszawskiego Towarzystwa Wio\u015blarskiego, ale i nie tylko. To [&hellip;]<\/p>\n","protected":false},"author":1,"featured_media":32509,"comment_status":"closed","ping_status":"closed","sticky":false,"template":"","format":"standard","meta":{"_acf_changed":false,"footnotes":""},"categories":[1],"tags":[],"class_list":["post-32508","post","type-post","status-publish","format-standard","has-post-thumbnail","hentry","category-bez-kategorii"],"acf":[],"_links":{"self":[{"href":"https:\/\/wpserwis.cfolks.pl\/r2\/wp-json\/wp\/v2\/posts\/32508","targetHints":{"allow":["GET"]}}],"collection":[{"href":"https:\/\/wpserwis.cfolks.pl\/r2\/wp-json\/wp\/v2\/posts"}],"about":[{"href":"https:\/\/wpserwis.cfolks.pl\/r2\/wp-json\/wp\/v2\/types\/post"}],"author":[{"embeddable":true,"href":"https:\/\/wpserwis.cfolks.pl\/r2\/wp-json\/wp\/v2\/users\/1"}],"replies":[{"embeddable":true,"href":"https:\/\/wpserwis.cfolks.pl\/r2\/wp-json\/wp\/v2\/comments?post=32508"}],"version-history":[{"count":0,"href":"https:\/\/wpserwis.cfolks.pl\/r2\/wp-json\/wp\/v2\/posts\/32508\/revisions"}],"wp:featuredmedia":[{"embeddable":true,"href":"https:\/\/wpserwis.cfolks.pl\/r2\/wp-json\/"}],"wp:attachment":[{"href":"https:\/\/wpserwis.cfolks.pl\/r2\/wp-json\/wp\/v2\/media?parent=32508"}],"wp:term":[{"taxonomy":"category","embeddable":true,"href":"https:\/\/wpserwis.cfolks.pl\/r2\/wp-json\/wp\/v2\/categories?post=32508"},{"taxonomy":"post_tag","embeddable":true,"href":"https:\/\/wpserwis.cfolks.pl\/r2\/wp-json\/wp\/v2\/tags?post=32508"}],"curies":[{"name":"wp","href":"https:\/\/api.w.org\/{rel}","templated":true}]}}