{"id":32524,"date":"2024-03-12T12:38:14","date_gmt":"2024-03-12T11:38:14","guid":{"rendered":"https:\/\/wtw.waw.pl\/?p=32524"},"modified":"2024-03-12T12:38:14","modified_gmt":"2024-03-12T11:38:14","slug":"plominski-domanski-socha-na-zgrupowaniu-kadry-seniorow","status":"publish","type":"post","link":"https:\/\/wpserwis.cfolks.pl\/r2\/plominski-domanski-socha-na-zgrupowaniu-kadry-seniorow\/","title":{"rendered":"P\u0141OMI\u0143SKI, DOMA\u0143SKI, SOCHA &#8211; NA ZGRUPOWANIU KADRY SENIOR\u00d3W"},"content":{"rendered":"<div class=\"xdj266r x11i5rnm xat24cr x1mh8g0r x1vvkbs x126k92a\">\n<div dir=\"auto\">Mamy naj\u015bwie\u017csze informacje z portugalskiego Lago Azul. Nasz zawodnik Bartek Socha, tak \u015bwietnie sprawdzi\u0142 si\u0119 na zgrupowaniu kadry m\u0142odzie\u017cowej, \u017ce zostanie w Portugalii jeszcze kolejne 2 tygodnie na zgrupowaniu, ale ju\u017c kadry SENIOR\u00d3W .<\/div>\n<div dir=\"auto\">&nbsp;<\/div>\n<div dir=\"auto\">Bartek to bardzo m\u0142ody ,utalentowany zawodnik, kt\u00f3ry ca\u0142y czas si\u0119 mocno rozwija . W tym roku zalicza mocny start, bo to ju\u017c jego trzecie zgrupowanie kadry narodowej polskich wiose\u0142.<\/div>\n<div dir=\"auto\">Tym samym Bartek spotka si\u0119 na zgrupowaniu z Piotrem P\u0142omi\u0144skim i Konradem Doma\u0144skim, kt\u00f3rzy r\u00f3wnie\u017c otrzymali powo\u0142ania.<\/div>\n<div dir=\"auto\">&nbsp;<\/div>\n<\/div>\n<div class=\"x11i5rnm xat24cr x1mh8g0r x1vvkbs xtlvy1s x126k92a\">\n<div dir=\"auto\">Ca\u0142ej naszej tr\u00f3jce zawodnik\u00f3w, \u017cyczymy powodzenia i trzymamy kciuki za owocne portugalskie kilometry <span class=\"x3nfvp2 x1j61x8r x1fcty0u xdj266r xhhsvwb xat24cr xgzva0m xxymvpz xlup9mm x1kky2od\">.<\/span><\/div>\n<\/div>\n<div dir=\"auto\">&nbsp;<\/div>\n<div dir=\"auto\">&nbsp;<\/div>\n<div dir=\"auto\">&nbsp;<\/div>\n<div dir=\"auto\">&nbsp;<\/div>\n<div dir=\"auto\">.<\/div>\n","protected":false},"excerpt":{"rendered":"<p>Mamy naj\u015bwie\u017csze informacje z portugalskiego Lago Azul. Nasz zawodnik Bartek Socha, tak \u015bwietnie sprawdzi\u0142 si\u0119 na zgrupowaniu kadry m\u0142odzie\u017cowej, \u017ce zostanie w Portugalii jeszcze kolejne 2 tygodnie na zgrupowaniu, ale ju\u017c kadry SENIOR\u00d3W . &nbsp; Bartek to bardzo m\u0142ody ,utalentowany zawodnik, kt\u00f3ry ca\u0142y czas si\u0119 mocno rozwija . W tym roku zalicza mocny start, bo [&hellip;]<\/p>\n","protected":false},"author":1,"featured_media":28364,"comment_status":"closed","ping_status":"closed","sticky":false,"template":"","format":"standard","meta":{"_acf_changed":false,"footnotes":""},"categories":[1],"tags":[],"class_list":["post-32524","post","type-post","status-publish","format-standard","has-post-thumbnail","hentry","category-bez-kategorii"],"acf":[],"_links":{"self":[{"href":"https:\/\/wpserwis.cfolks.pl\/r2\/wp-json\/wp\/v2\/posts\/32524","targetHints":{"allow":["GET"]}}],"collection":[{"href":"https:\/\/wpserwis.cfolks.pl\/r2\/wp-json\/wp\/v2\/posts"}],"about":[{"href":"https:\/\/wpserwis.cfolks.pl\/r2\/wp-json\/wp\/v2\/types\/post"}],"author":[{"embeddable":true,"href":"https:\/\/wpserwis.cfolks.pl\/r2\/wp-json\/wp\/v2\/users\/1"}],"replies":[{"embeddable":true,"href":"https:\/\/wpserwis.cfolks.pl\/r2\/wp-json\/wp\/v2\/comments?post=32524"}],"version-history":[{"count":0,"href":"https:\/\/wpserwis.cfolks.pl\/r2\/wp-json\/wp\/v2\/posts\/32524\/revisions"}],"wp:featuredmedia":[{"embeddable":true,"href":"https:\/\/wpserwis.cfolks.pl\/r2\/wp-json\/"}],"wp:attachment":[{"href":"https:\/\/wpserwis.cfolks.pl\/r2\/wp-json\/wp\/v2\/media?parent=32524"}],"wp:term":[{"taxonomy":"category","embeddable":true,"href":"https:\/\/wpserwis.cfolks.pl\/r2\/wp-json\/wp\/v2\/categories?post=32524"},{"taxonomy":"post_tag","embeddable":true,"href":"https:\/\/wpserwis.cfolks.pl\/r2\/wp-json\/wp\/v2\/tags?post=32524"}],"curies":[{"name":"wp","href":"https:\/\/api.w.org\/{rel}","templated":true}]}}