{"id":32537,"date":"2024-03-18T13:26:48","date_gmt":"2024-03-18T12:26:48","guid":{"rendered":"https:\/\/wtw.waw.pl\/?p=32537"},"modified":"2024-03-18T13:26:48","modified_gmt":"2024-03-18T12:26:48","slug":"janek-dziedzic-z-powolaniem-na-konsultacje-kadry","status":"publish","type":"post","link":"https:\/\/wpserwis.cfolks.pl\/r2\/janek-dziedzic-z-powolaniem-na-konsultacje-kadry\/","title":{"rendered":"JANEK DZIEDZIC Z POWO\u0141ANIEM NA KONSULTACJE KADRY"},"content":{"rendered":"<p>Ponownie pozytywne informacje z centrali polskich wiose\u0142. W dniu dzisiejszym otrzymali\u015bmy powo\u0142anie dla naszego kolejnego zawodnika Janka Dziedzica, na konsultacje szkoleniowe m\u0142odzie\u017cowej reprezentacji Polski.<\/p>\n<p>Zgrupowanie odb\u0119dzie si\u0119 w Wa\u0142czu w dniach 22-24.03. To <a href=\"https:\/\/wpserwis.cfolks.pl\/r2\/bartek-socha-i-janek-dziedzic-na-zgrupowaniu-kadry-narodowej\/\">drugie powo\u0142anie<\/a> dla Janka w tym roku, po udanych styczniowych ergowios\u0142ach we Wroc\u0142awiu.<\/p>\n","protected":false},"excerpt":{"rendered":"<p>Ponownie pozytywne informacje z centrali polskich wiose\u0142. W dniu dzisiejszym otrzymali\u015bmy powo\u0142anie dla naszego kolejnego zawodnika Janka Dziedzica, na konsultacje szkoleniowe m\u0142odzie\u017cowej reprezentacji Polski. Zgrupowanie odb\u0119dzie si\u0119 w Wa\u0142czu w dniach 22-24.03. To drugie powo\u0142anie dla Janka w tym roku, po udanych styczniowych ergowios\u0142ach we Wroc\u0142awiu.<\/p>\n","protected":false},"author":1,"featured_media":28364,"comment_status":"closed","ping_status":"closed","sticky":false,"template":"","format":"standard","meta":{"_acf_changed":false,"footnotes":""},"categories":[1],"tags":[],"class_list":["post-32537","post","type-post","status-publish","format-standard","has-post-thumbnail","hentry","category-bez-kategorii"],"acf":[],"_links":{"self":[{"href":"https:\/\/wpserwis.cfolks.pl\/r2\/wp-json\/wp\/v2\/posts\/32537","targetHints":{"allow":["GET"]}}],"collection":[{"href":"https:\/\/wpserwis.cfolks.pl\/r2\/wp-json\/wp\/v2\/posts"}],"about":[{"href":"https:\/\/wpserwis.cfolks.pl\/r2\/wp-json\/wp\/v2\/types\/post"}],"author":[{"embeddable":true,"href":"https:\/\/wpserwis.cfolks.pl\/r2\/wp-json\/wp\/v2\/users\/1"}],"replies":[{"embeddable":true,"href":"https:\/\/wpserwis.cfolks.pl\/r2\/wp-json\/wp\/v2\/comments?post=32537"}],"version-history":[{"count":0,"href":"https:\/\/wpserwis.cfolks.pl\/r2\/wp-json\/wp\/v2\/posts\/32537\/revisions"}],"wp:featuredmedia":[{"embeddable":true,"href":"https:\/\/wpserwis.cfolks.pl\/r2\/wp-json\/"}],"wp:attachment":[{"href":"https:\/\/wpserwis.cfolks.pl\/r2\/wp-json\/wp\/v2\/media?parent=32537"}],"wp:term":[{"taxonomy":"category","embeddable":true,"href":"https:\/\/wpserwis.cfolks.pl\/r2\/wp-json\/wp\/v2\/categories?post=32537"},{"taxonomy":"post_tag","embeddable":true,"href":"https:\/\/wpserwis.cfolks.pl\/r2\/wp-json\/wp\/v2\/tags?post=32537"}],"curies":[{"name":"wp","href":"https:\/\/api.w.org\/{rel}","templated":true}]}}