{"id":32542,"date":"2024-03-25T16:35:14","date_gmt":"2024-03-25T15:35:14","guid":{"rendered":"https:\/\/wtw.waw.pl\/?p=32542"},"modified":"2024-03-25T16:35:14","modified_gmt":"2024-03-25T15:35:14","slug":"bezplatne-lekcje-wf-rezerwacje-do-wakacji","status":"publish","type":"post","link":"https:\/\/wpserwis.cfolks.pl\/r2\/bezplatne-lekcje-wf-rezerwacje-do-wakacji\/","title":{"rendered":"BEZP\u0141ATNE LEKCJE WF &#8211; REZERWACJE DO WAKACJI"},"content":{"rendered":"<p>Naprawd\u0119 mi\u0142o obserwowa\u0107 jak nasz nowy program si\u0119 rozwija. &#8222;Bezp\u0142atne lekcje WF&#8221;, bo o nim mowa, ca\u0142y czas budz\u0105 ogromne zainteresowanie w\u015br\u00f3d warszawskich (ale i nie tylko) szk\u00f3\u0142 podstawowych.<\/p>\n<p>Nie ma tygodnia, \u017ceby szko\u0142y &#8211; nawet kilka razy w tygodniu , nie odwiedza\u0142y naszej przystani przy ul. Wio\u015blarskiej. Gdzie nasze Trenerki: Agnieszka Wulczy\u0144ska i Sylwia Kocerka, najpierw opowiadaj\u0105 o wio\u015blarstwie i sporcie, a nast\u0119pnie prowadz\u0105 lekcje nauki wios\u0142owania z wykorzystaniem super nowoczesnego basenu wio\u015blarskiego i bazy ergometr\u00f3w.<\/p>\n<p>Niebawem zrobimy podsumowanie programu po pierwszych miesi\u0105cach 2024r. Jeste\u015bmy przekonani, \u017ce liczby zrobi\u0105 wra\u017cenie \ud83d\ude42<\/p>\n<p>&nbsp;<\/p>\n<p><a href=\"https:\/\/wpserwis.cfolks.pl\/r2\/marynarka-klubowa-na-145-lecie-wtw-2\/\"><strong>BEZP\u0141ATNE LEKCJE WF &#8211; za\u0142o\u017cenia programu<\/strong><\/a><\/p>\n<p>Warszawskie Towarzystwo Wio\u015blarskie, zaprasza szko\u0142y, na bezp\u0142atne lekcje WF. Zaj\u0119cia s\u0105 form\u0105 idealnego treningu m.in. przed zawodami <a role=\"link\" href=\"https:\/\/wpserwis.cfolks.pl\/r2\/tytan\/\">Wio\u015blarskiego Tytana Warszawy., <\/a>ale i nie tylko.<\/p>\n<p>Miejsce:<br \/>\n\u2013 w sezonie jesienno-zimowym: przysta\u0144 przy ul. Wio\u015blarskiej 6 w Warszawie<br \/>\n\u2013 w sezonie wiosenno \u2013 letnim: przysta\u0144 przy ul. Zaruskiego 12 w Warszawie<\/p>\n<p>Czas:<br \/>\nZaj\u0119cia trwaj\u0105 oko\u0142o 1,5h i prowadzone s\u0105 przez wykwalifikowanych trener\u00f3w wio\u015blarstwa.<\/p>\n<p>&nbsp;<\/p>\n<p>Dla kogo:<br \/>\nProgram docelowy dla dzieci i m\u0142odzie\u017cy od 5 klasy szko\u0142y podstawowej.<\/p>\n<p>&nbsp;<\/p>\n<p>W ramach zaj\u0119\u0107 oferujemy:<\/p>\n<p>\u2013 nauk\u0119 wios\u0142owania na basenie wio\u015blarskim (8 stanowisk)<br \/>\n\u2013 nauk\u0119 wios\u0142owania na ergometrach wio\u015blarskich (17 stanowisk)<br \/>\n\u2013 podstawy wios\u0142owania na wodzie (Port Czerniakowski) \u2013 w miesi\u0105cach ciep\u0142ych<br \/>\n\u2013 \u0107wiczenia og\u00f3lnorozwojowe \/ rozci\u0105ganie \/ gimnastyka<\/p>\n<p>&nbsp;<\/p>\n<p>M\u0142odzie\u017c powinna mie\u0107 ze sob\u0105 str\u00f3j sportowy na przebranie (koszulka, spodenki\/dres, obuwie sportowe).<\/p>\n<p>&nbsp;<\/p>\n<p>Zg\u0142o\u015b swoj\u0105 klas\u0119 wysy\u0142aj\u0105c maila na <a role=\"link\" href=\"https:\/\/wpserwis.cfolks.pl\/r2\/marynarka-klubowa-na-145-lecie-wtw-2\/wtw@wtw.waw.pl\">wtw@wtw.waw.pl.<\/a> Odpowiemy na niego, wsp\u00f3lnie ustalaj\u0105c dogodny termin (zaj\u0119cia w tygodniu w ramach godzin lekcyjnych).<\/p>\n<p>&nbsp;<\/p>\n<p>&nbsp;<\/p>\n<p>&nbsp;<\/p>\n<p>.<\/p>\n","protected":false},"excerpt":{"rendered":"<p>Naprawd\u0119 mi\u0142o obserwowa\u0107 jak nasz nowy program si\u0119 rozwija. &#8222;Bezp\u0142atne lekcje WF&#8221;, bo o nim mowa, ca\u0142y czas budz\u0105 ogromne zainteresowanie w\u015br\u00f3d warszawskich (ale i nie tylko) szk\u00f3\u0142 podstawowych. Nie ma tygodnia, \u017ceby szko\u0142y &#8211; nawet kilka razy w tygodniu , nie odwiedza\u0142y naszej przystani przy ul. Wio\u015blarskiej. Gdzie nasze Trenerki: Agnieszka Wulczy\u0144ska i Sylwia [&hellip;]<\/p>\n","protected":false},"author":1,"featured_media":32543,"comment_status":"closed","ping_status":"closed","sticky":false,"template":"","format":"standard","meta":{"_acf_changed":false,"footnotes":""},"categories":[1],"tags":[],"class_list":["post-32542","post","type-post","status-publish","format-standard","has-post-thumbnail","hentry","category-bez-kategorii"],"acf":[],"_links":{"self":[{"href":"https:\/\/wpserwis.cfolks.pl\/r2\/wp-json\/wp\/v2\/posts\/32542","targetHints":{"allow":["GET"]}}],"collection":[{"href":"https:\/\/wpserwis.cfolks.pl\/r2\/wp-json\/wp\/v2\/posts"}],"about":[{"href":"https:\/\/wpserwis.cfolks.pl\/r2\/wp-json\/wp\/v2\/types\/post"}],"author":[{"embeddable":true,"href":"https:\/\/wpserwis.cfolks.pl\/r2\/wp-json\/wp\/v2\/users\/1"}],"replies":[{"embeddable":true,"href":"https:\/\/wpserwis.cfolks.pl\/r2\/wp-json\/wp\/v2\/comments?post=32542"}],"version-history":[{"count":0,"href":"https:\/\/wpserwis.cfolks.pl\/r2\/wp-json\/wp\/v2\/posts\/32542\/revisions"}],"wp:featuredmedia":[{"embeddable":true,"href":"https:\/\/wpserwis.cfolks.pl\/r2\/wp-json\/"}],"wp:attachment":[{"href":"https:\/\/wpserwis.cfolks.pl\/r2\/wp-json\/wp\/v2\/media?parent=32542"}],"wp:term":[{"taxonomy":"category","embeddable":true,"href":"https:\/\/wpserwis.cfolks.pl\/r2\/wp-json\/wp\/v2\/categories?post=32542"},{"taxonomy":"post_tag","embeddable":true,"href":"https:\/\/wpserwis.cfolks.pl\/r2\/wp-json\/wp\/v2\/tags?post=32542"}],"curies":[{"name":"wp","href":"https:\/\/api.w.org\/{rel}","templated":true}]}}