{"id":32551,"date":"2024-04-02T10:49:46","date_gmt":"2024-04-02T08:49:46","guid":{"rendered":"https:\/\/wtw.waw.pl\/?p=32551"},"modified":"2024-04-02T10:49:46","modified_gmt":"2024-04-02T08:49:46","slug":"plominski-domanski-socha-na-zgrupowaniu-kadry-seniorow-2","status":"publish","type":"post","link":"https:\/\/wpserwis.cfolks.pl\/r2\/plominski-domanski-socha-na-zgrupowaniu-kadry-seniorow-2\/","title":{"rendered":"P\u0141OMI\u0143SKI, DOMA\u0143SKI, SOCHA &#8211; NA KOLEJNYM ZGRUPOWANIU KADRY"},"content":{"rendered":"<div class=\"xdj266r x11i5rnm xat24cr x1mh8g0r x1vvkbs x126k92a\">\n<div dir=\"auto\">Ju\u017c dzisiaj rozpoczyna si\u0119 kolejne zgrupowanie kadry narodowej senior\u00f3w. Przed \u015awi\u0119tami powo\u0142anie otrzyma\u0142a tr\u00f3jka naszych zawodnik\u00f3w: Bartek Socha (2-12.04), Konrad Doma\u0144ski i Piotr P\u0142omi\u0144ski (obydwaj 3-12.04).<\/div>\n<div dir=\"auto\">&nbsp;<\/div>\n<div dir=\"auto\">Zgrupowanie odbywa si\u0119 COS-OPO Wa\u0142cz.<\/div>\n<div dir=\"auto\">&nbsp;<\/div>\n<\/div>\n<div class=\"x11i5rnm xat24cr x1mh8g0r x1vvkbs xtlvy1s x126k92a\">\n<div dir=\"auto\">Niezmiennie naszej tr\u00f3jce zawodnik\u00f3w, \u017cyczymy powodzenia i trzymamy kciuki za solidne budowanie formy <span class=\"x3nfvp2 x1j61x8r x1fcty0u xdj266r xhhsvwb xat24cr xgzva0m xxymvpz xlup9mm x1kky2od\">.<\/span><\/div>\n<\/div>\n<div dir=\"auto\">&nbsp;<\/div>\n<div dir=\"auto\"><a href=\"https:\/\/wpserwis.cfolks.pl\/r2\/wp-content\/uploads\/2024\/04\/IMG_8078.jpg\"><img loading=\"lazy\" decoding=\"async\" class=\"alignnone wp-image-32553 size-medium\" src=\"https:\/\/wpserwis.cfolks.pl\/r2\/wp-content\/uploads\/2024\/04\/IMG_8078-222x300.jpg\" alt=\"\" width=\"222\" height=\"300\"><\/a><\/div>\n<div dir=\"auto\">&nbsp;<\/div>\n<div dir=\"auto\">&nbsp;<\/div>\n<div dir=\"auto\">.<\/div>\n","protected":false},"excerpt":{"rendered":"<p>Ju\u017c dzisiaj rozpoczyna si\u0119 kolejne zgrupowanie kadry narodowej senior\u00f3w. Przed \u015awi\u0119tami powo\u0142anie otrzyma\u0142a tr\u00f3jka naszych zawodnik\u00f3w: Bartek Socha (2-12.04), Konrad Doma\u0144ski i Piotr P\u0142omi\u0144ski (obydwaj 3-12.04). &nbsp; Zgrupowanie odbywa si\u0119 COS-OPO Wa\u0142cz. &nbsp; Niezmiennie naszej tr\u00f3jce zawodnik\u00f3w, \u017cyczymy powodzenia i trzymamy kciuki za solidne budowanie formy . &nbsp; &nbsp; &nbsp; .<\/p>\n","protected":false},"author":1,"featured_media":28364,"comment_status":"closed","ping_status":"closed","sticky":false,"template":"","format":"standard","meta":{"_acf_changed":false,"footnotes":""},"categories":[1],"tags":[],"class_list":["post-32551","post","type-post","status-publish","format-standard","has-post-thumbnail","hentry","category-bez-kategorii"],"acf":[],"_links":{"self":[{"href":"https:\/\/wpserwis.cfolks.pl\/r2\/wp-json\/wp\/v2\/posts\/32551","targetHints":{"allow":["GET"]}}],"collection":[{"href":"https:\/\/wpserwis.cfolks.pl\/r2\/wp-json\/wp\/v2\/posts"}],"about":[{"href":"https:\/\/wpserwis.cfolks.pl\/r2\/wp-json\/wp\/v2\/types\/post"}],"author":[{"embeddable":true,"href":"https:\/\/wpserwis.cfolks.pl\/r2\/wp-json\/wp\/v2\/users\/1"}],"replies":[{"embeddable":true,"href":"https:\/\/wpserwis.cfolks.pl\/r2\/wp-json\/wp\/v2\/comments?post=32551"}],"version-history":[{"count":0,"href":"https:\/\/wpserwis.cfolks.pl\/r2\/wp-json\/wp\/v2\/posts\/32551\/revisions"}],"wp:featuredmedia":[{"embeddable":true,"href":"https:\/\/wpserwis.cfolks.pl\/r2\/wp-json\/"}],"wp:attachment":[{"href":"https:\/\/wpserwis.cfolks.pl\/r2\/wp-json\/wp\/v2\/media?parent=32551"}],"wp:term":[{"taxonomy":"category","embeddable":true,"href":"https:\/\/wpserwis.cfolks.pl\/r2\/wp-json\/wp\/v2\/categories?post=32551"},{"taxonomy":"post_tag","embeddable":true,"href":"https:\/\/wpserwis.cfolks.pl\/r2\/wp-json\/wp\/v2\/tags?post=32551"}],"curies":[{"name":"wp","href":"https:\/\/api.w.org\/{rel}","templated":true}]}}