{"id":32586,"date":"2024-04-11T11:23:48","date_gmt":"2024-04-11T09:23:48","guid":{"rendered":"https:\/\/wtw.waw.pl\/?p=32586"},"modified":"2024-04-11T11:23:48","modified_gmt":"2024-04-11T09:23:48","slug":"kontrolne-regaty-wioslarskie-na-otwarcie-sezonu","status":"publish","type":"post","link":"https:\/\/wpserwis.cfolks.pl\/r2\/kontrolne-regaty-wioslarskie-na-otwarcie-sezonu\/","title":{"rendered":"KONTROLNE REGATY WIO\u015aLARSKIE NA OTWARCIE SEZONU"},"content":{"rendered":"<div class=\"xdj266r x11i5rnm xat24cr x1mh8g0r x1vvkbs x126k92a\">\n<div dir=\"auto\">&nbsp;<\/div>\n<\/div>\n<div class=\"x11i5rnm xat24cr x1mh8g0r x1vvkbs xtlvy1s x126k92a\">\n<div dir=\"auto\">W miniony weekend odby\u0142y si\u0119 pierwsze regaty wio\u015blarskie b\u0119d\u0105ce kwalifikacjami do kadry narodowej .<\/div>\n<div dir=\"auto\">Najlepsi zawodnicy \u015bcigali si\u0119 pierwszego dnia na ma\u0142ych typach \u0142odzi 1x oraz 2-, a drugiego dnia w osadach kombinowanych 2x oraz 4-.<\/div>\n<div dir=\"auto\">&nbsp;<\/div>\n<div dir=\"auto\">Warunki na pozna\u0144skiej Malcie nie by\u0142y \u0142askawe. Wia\u0142 bardzo silny wiatr, kt\u00f3ry utrudnia\u0142 zawody. Ostatni, popo\u0142udniowy niedzielny start zosta\u0142 odwo\u0142any ze wzgl\u0119du na warunki atmosferyczne. Wielu zawodnik\u00f3w sko\u0144czy\u0142o regaty w wodzie. Na szcz\u0119\u015bcie naszym posz\u0142o bardzo dobrze.<\/div>\n<div dir=\"auto\">&nbsp;<\/div>\n<div dir=\"auto\">Piotr P\u0142omi\u0144ski podw\u00f3jnie zwyci\u0119\u017cy\u0142 na 1x, drugiego dnia zajmuj\u0105c wraz z Konradem Doma\u0144skim drugie miejsce na 2x. \u015awietnie zaprezentowa\u0142y si\u0119: Oktawia Stankiewicz-Wendling oraz Josephine Schlesinger startuj\u0105ce w kategorii 2- KJ\/KJM. Zawodniczki to juniorki m\u0142odsze, a \u015bciga\u0142y si\u0119 z juniorkami jak r\u00f3wny z r\u00f3wnym, zajmuj\u0105c miejsca w pierwszej po\u0142owie fina\u0142u B.<\/div>\n<div dir=\"auto\">&nbsp;<\/div>\n<div dir=\"auto\">Nasze jedynkarki: Evilina Rymzha oraz Basia D\u0105browska zajmowa\u0142y miejsca w fina\u0142ach B. Bartek Socha p\u0142yn\u0105\u0142 w osadach kombinowanych ustalanych przez Polski Zwi\u0105zek Towarzystw Wio\u015blarskich, zajmuj\u0105c miejsca w fina\u0142ach B, drugiego dnia ostatnie miejsce na 4-.<\/div>\n<div dir=\"auto\">Franciszek Kazimierczuk startowa\u0142 razem z Jankiem Dziedzicem na 2- zajmuj\u0105c miejsca w fina\u0142ach B.<\/div>\n<div dir=\"auto\">&nbsp;<\/div>\n<div dir=\"auto\">Bardzo dobrze zaprezentowa\u0142 si\u0119 Bartek Niemczyk startuj\u0105cy na MJ2- w osadzie kombinowanej (PZTW), zajmuj\u0105c miejsca w finale A.<\/div>\n<div dir=\"auto\">Miko\u0142aj Kot startuj\u0105cy na 1xML przesuwa\u0142 si\u0119 z fina\u0142u C na drugie miejsca w finale A .<\/div>\n<div dir=\"auto\">&nbsp;<\/div>\n<\/div>\n<div class=\"x11i5rnm xat24cr x1mh8g0r x1vvkbs xtlvy1s x126k92a\">\n<div dir=\"auto\">Wielkie brawa dla wszystkich startuj\u0105cych za walk\u0119 do ko\u0144ca. Dzi\u0119kujemy trenerom za przygotowanie zawodnik\u00f3w, a my wci\u0105\u017c czekamy na decyzje kadrowe PZTW w sprawie powo\u0142a\u0144 do kadry narodowej&nbsp;.<\/div>\n<\/div>\n<div dir=\"auto\">&nbsp;<\/div>\n<div dir=\"auto\">&nbsp;<\/div>\n<div dir=\"auto\"><a href=\"https:\/\/wpserwis.cfolks.pl\/r2\/wp-content\/uploads\/2024\/04\/435287150_18424548955016863_8363006358082840681_n.jpg\"><img loading=\"lazy\" decoding=\"async\" class=\"alignnone wp-image-32589 size-medium\" src=\"https:\/\/wpserwis.cfolks.pl\/r2\/wp-content\/uploads\/2024\/04\/435287150_18424548955016863_8363006358082840681_n-289x300.jpg\" alt=\"\" width=\"289\" height=\"300\"><\/a> <a href=\"https:\/\/wpserwis.cfolks.pl\/r2\/wp-content\/uploads\/2024\/04\/436401732_18424548988016863_1034740858277372814_n.jpg\"><img loading=\"lazy\" decoding=\"async\" class=\"alignnone wp-image-32590 size-medium\" src=\"https:\/\/wpserwis.cfolks.pl\/r2\/wp-content\/uploads\/2024\/04\/436401732_18424548988016863_1034740858277372814_n-289x300.jpg\" alt=\"\" width=\"289\" height=\"300\"><\/a> <a href=\"https:\/\/wpserwis.cfolks.pl\/r2\/wp-content\/uploads\/2024\/04\/436401739_18424548958016863_7143860092436250367_n.jpg\"><img loading=\"lazy\" decoding=\"async\" class=\"alignnone wp-image-32591 size-medium\" src=\"https:\/\/wpserwis.cfolks.pl\/r2\/wp-content\/uploads\/2024\/04\/436401739_18424548958016863_7143860092436250367_n-289x300.jpg\" alt=\"\" width=\"289\" height=\"300\"><\/a> <a href=\"https:\/\/wpserwis.cfolks.pl\/r2\/wp-content\/uploads\/2024\/04\/436814166_18424548967016863_5374988039114419556_n.jpg\"><img loading=\"lazy\" decoding=\"async\" class=\"alignnone wp-image-32592 size-medium\" src=\"https:\/\/wpserwis.cfolks.pl\/r2\/wp-content\/uploads\/2024\/04\/436814166_18424548967016863_5374988039114419556_n-289x300.jpg\" alt=\"\" width=\"289\" height=\"300\"><\/a><a href=\"https:\/\/wpserwis.cfolks.pl\/r2\/wp-content\/uploads\/2024\/04\/435331163_18424548928016863_503461198610118803_n.jpg\"><img loading=\"lazy\" decoding=\"async\" class=\"alignnone wp-image-32594 size-medium\" src=\"https:\/\/wpserwis.cfolks.pl\/r2\/wp-content\/uploads\/2024\/04\/435331163_18424548928016863_503461198610118803_n-289x300.jpg\" alt=\"\" width=\"289\" height=\"300\"><\/a><a href=\"https:\/\/wpserwis.cfolks.pl\/r2\/wp-content\/uploads\/2024\/04\/437128547_18424548919016863_2480291397703315142_n.jpg\"><img loading=\"lazy\" decoding=\"async\" class=\"alignnone wp-image-32595 size-medium\" src=\"https:\/\/wpserwis.cfolks.pl\/r2\/wp-content\/uploads\/2024\/04\/437128547_18424548919016863_2480291397703315142_n-289x300.jpg\" alt=\"\" width=\"289\" height=\"300\"><\/a><\/div>\n<div dir=\"auto\">&nbsp;<\/div>\n","protected":false},"excerpt":{"rendered":"<p>&nbsp; W miniony weekend odby\u0142y si\u0119 pierwsze regaty wio\u015blarskie b\u0119d\u0105ce kwalifikacjami do kadry narodowej . Najlepsi zawodnicy \u015bcigali si\u0119 pierwszego dnia na ma\u0142ych typach \u0142odzi 1x oraz 2-, a drugiego dnia w osadach kombinowanych 2x oraz 4-. &nbsp; Warunki na pozna\u0144skiej Malcie nie by\u0142y \u0142askawe. Wia\u0142 bardzo silny wiatr, kt\u00f3ry utrudnia\u0142 zawody. Ostatni, popo\u0142udniowy niedzielny [&hellip;]<\/p>\n","protected":false},"author":1,"featured_media":32587,"comment_status":"closed","ping_status":"closed","sticky":false,"template":"","format":"standard","meta":{"_acf_changed":false,"footnotes":""},"categories":[1],"tags":[],"class_list":["post-32586","post","type-post","status-publish","format-standard","has-post-thumbnail","hentry","category-bez-kategorii"],"acf":[],"_links":{"self":[{"href":"https:\/\/wpserwis.cfolks.pl\/r2\/wp-json\/wp\/v2\/posts\/32586","targetHints":{"allow":["GET"]}}],"collection":[{"href":"https:\/\/wpserwis.cfolks.pl\/r2\/wp-json\/wp\/v2\/posts"}],"about":[{"href":"https:\/\/wpserwis.cfolks.pl\/r2\/wp-json\/wp\/v2\/types\/post"}],"author":[{"embeddable":true,"href":"https:\/\/wpserwis.cfolks.pl\/r2\/wp-json\/wp\/v2\/users\/1"}],"replies":[{"embeddable":true,"href":"https:\/\/wpserwis.cfolks.pl\/r2\/wp-json\/wp\/v2\/comments?post=32586"}],"version-history":[{"count":0,"href":"https:\/\/wpserwis.cfolks.pl\/r2\/wp-json\/wp\/v2\/posts\/32586\/revisions"}],"wp:featuredmedia":[{"embeddable":true,"href":"https:\/\/wpserwis.cfolks.pl\/r2\/wp-json\/"}],"wp:attachment":[{"href":"https:\/\/wpserwis.cfolks.pl\/r2\/wp-json\/wp\/v2\/media?parent=32586"}],"wp:term":[{"taxonomy":"category","embeddable":true,"href":"https:\/\/wpserwis.cfolks.pl\/r2\/wp-json\/wp\/v2\/categories?post=32586"},{"taxonomy":"post_tag","embeddable":true,"href":"https:\/\/wpserwis.cfolks.pl\/r2\/wp-json\/wp\/v2\/tags?post=32586"}],"curies":[{"name":"wp","href":"https:\/\/api.w.org\/{rel}","templated":true}]}}