{"id":32598,"date":"2024-04-23T08:25:30","date_gmt":"2024-04-23T06:25:30","guid":{"rendered":"https:\/\/wtw.waw.pl\/?p=32598"},"modified":"2024-04-23T08:25:30","modified_gmt":"2024-04-23T06:25:30","slug":"piotr-plominski-powalczy-o-kwalifikacje-do-igrzysk-w-paryzu","status":"publish","type":"post","link":"https:\/\/wpserwis.cfolks.pl\/r2\/piotr-plominski-powalczy-o-kwalifikacje-do-igrzysk-w-paryzu\/","title":{"rendered":"PIOTR P\u0141OMI\u0143SKI POWALCZY O KWALIFIKACJ\u0118 DO IGRZYSK W PARY\u017bU"},"content":{"rendered":"<div class=\"xdj266r x11i5rnm xat24cr x1mh8g0r x1vvkbs x126k92a\">\n<div dir=\"auto\">To ju\u017c oficjalna informacja.<\/div>\n<\/div>\n<div class=\"x11i5rnm xat24cr x1mh8g0r x1vvkbs xtlvy1s x126k92a\">\n<div dir=\"auto\">Nasz wio\u015blarz Piotr P\u0142omi\u0144ski, wystartuje w KWALIFIKACJACH OLIMPIJSKICH w konkurencji M1x&nbsp; (jedynka m\u0119ska).<\/div>\n<div dir=\"auto\">&nbsp;<\/div>\n<\/div>\n<div class=\"x11i5rnm xat24cr x1mh8g0r x1vvkbs xtlvy1s x126k92a\">\n<div dir=\"auto\">Piotrek zakwalifikowa\u0142 si\u0119 do grona czterech osad, kt\u00f3re wezm\u0105 udzia\u0142 w europejskich kwalifikacjach do Igrzysk Olimpijskich w Pary\u017cu.<\/div>\n<div dir=\"auto\">Zawody rozegraj\u0105 si\u0119 w terminie 25 &#8211; 28.04 w Szeged (W\u0119gry), z kt\u00f3rych Polska reprezentacja mo\u017ce zakwalifikowa\u0107 maksymalnie 2 osady.<\/div>\n<\/div>\n<div class=\"x11i5rnm xat24cr x1mh8g0r x1vvkbs xtlvy1s x126k92a\">\n<div dir=\"auto\">&nbsp;<\/div>\n<div dir=\"auto\">Trzymamy kciuki za udane regaty i zdobycie przepustki do PARY\u017bA!<\/div>\n<\/div>\n<div dir=\"auto\">&nbsp;<\/div>\n<div dir=\"auto\">&nbsp;<\/div>\n<div dir=\"auto\">&nbsp;<\/div>\n<div dir=\"auto\">&nbsp;<\/div>\n<div dir=\"auto\">&nbsp;<\/div>\n<div dir=\"auto\">&nbsp;<\/div>\n<div dir=\"auto\">.<\/div>\n","protected":false},"excerpt":{"rendered":"<p>To ju\u017c oficjalna informacja. Nasz wio\u015blarz Piotr P\u0142omi\u0144ski, wystartuje w KWALIFIKACJACH OLIMPIJSKICH w konkurencji M1x&nbsp; (jedynka m\u0119ska). &nbsp; Piotrek zakwalifikowa\u0142 si\u0119 do grona czterech osad, kt\u00f3re wezm\u0105 udzia\u0142 w europejskich kwalifikacjach do Igrzysk Olimpijskich w Pary\u017cu. Zawody rozegraj\u0105 si\u0119 w terminie 25 &#8211; 28.04 w Szeged (W\u0119gry), z kt\u00f3rych Polska reprezentacja mo\u017ce zakwalifikowa\u0107 maksymalnie 2 [&hellip;]<\/p>\n","protected":false},"author":1,"featured_media":32599,"comment_status":"closed","ping_status":"closed","sticky":false,"template":"","format":"standard","meta":{"_acf_changed":false,"footnotes":""},"categories":[1],"tags":[],"class_list":["post-32598","post","type-post","status-publish","format-standard","has-post-thumbnail","hentry","category-bez-kategorii"],"acf":[],"_links":{"self":[{"href":"https:\/\/wpserwis.cfolks.pl\/r2\/wp-json\/wp\/v2\/posts\/32598","targetHints":{"allow":["GET"]}}],"collection":[{"href":"https:\/\/wpserwis.cfolks.pl\/r2\/wp-json\/wp\/v2\/posts"}],"about":[{"href":"https:\/\/wpserwis.cfolks.pl\/r2\/wp-json\/wp\/v2\/types\/post"}],"author":[{"embeddable":true,"href":"https:\/\/wpserwis.cfolks.pl\/r2\/wp-json\/wp\/v2\/users\/1"}],"replies":[{"embeddable":true,"href":"https:\/\/wpserwis.cfolks.pl\/r2\/wp-json\/wp\/v2\/comments?post=32598"}],"version-history":[{"count":0,"href":"https:\/\/wpserwis.cfolks.pl\/r2\/wp-json\/wp\/v2\/posts\/32598\/revisions"}],"wp:featuredmedia":[{"embeddable":true,"href":"https:\/\/wpserwis.cfolks.pl\/r2\/wp-json\/"}],"wp:attachment":[{"href":"https:\/\/wpserwis.cfolks.pl\/r2\/wp-json\/wp\/v2\/media?parent=32598"}],"wp:term":[{"taxonomy":"category","embeddable":true,"href":"https:\/\/wpserwis.cfolks.pl\/r2\/wp-json\/wp\/v2\/categories?post=32598"},{"taxonomy":"post_tag","embeddable":true,"href":"https:\/\/wpserwis.cfolks.pl\/r2\/wp-json\/wp\/v2\/tags?post=32598"}],"curies":[{"name":"wp","href":"https:\/\/api.w.org\/{rel}","templated":true}]}}