{"id":32601,"date":"2024-04-22T11:09:33","date_gmt":"2024-04-22T09:09:33","guid":{"rendered":"https:\/\/wtw.waw.pl\/?p=32601"},"modified":"2024-04-22T11:09:33","modified_gmt":"2024-04-22T09:09:33","slug":"zeglarskie-regaty-otwarcia-sezonu-pogoda-nie-rozpieszczala","status":"publish","type":"post","link":"https:\/\/wpserwis.cfolks.pl\/r2\/zeglarskie-regaty-otwarcia-sezonu-pogoda-nie-rozpieszczala\/","title":{"rendered":"\u017bEGLARSKIE REGATY OTWARCIA SEZONU. POGODA NIE ROZPIESZCZA\u0141A"},"content":{"rendered":"<div class=\"x11i5rnm xat24cr x1mh8g0r x1vvkbs xtlvy1s x126k92a\">\n<div dir=\"auto\">W miniony weekend odby\u0142y si\u0119 pierwsze regaty \u017ceglarskie w tym sezonie na wodach Zalewu Zegrzy\u0144skiego.<\/div>\n<div dir=\"auto\">&nbsp;<\/div>\n<div dir=\"auto\">Siedmiu naszych zawodnik\u00f3w sekcji \u017ceglarskiej, podopiecznych trenera Ma\u0107ka Lato, wystartowa\u0142o w regatach otwarcia sezonu. Pierwszy dzie\u0144 pozwoli\u0142 na rozegranie tylko jednego wy\u015bcigu, a \u017ceglarze musieli wraca\u0107 w ulewnym deszczu i gradzie.<\/div>\n<div dir=\"auto\">&nbsp;<\/div>\n<div dir=\"auto\">Niedziela przywita\u0142a zawodnik\u00f3w istnie zimowymi warunkami. M\u0142odzi \u017ceglarze spisali si\u0119 doskonale i dzielnie przetrwali panuj\u0105ce warunki.<\/div>\n<div dir=\"auto\">&nbsp;<\/div>\n<div dir=\"auto\">Nale\u017cy tu szczeg\u00f3lnie pochwali\u0107 Zosi\u0119 Junko, nasz\u0105 najm\u0142odsz\u0105 zawodniczk\u0119, kt\u00f3ra startowa\u0142a w regatach po raz pierwszy.<\/div>\n<\/div>\n<div class=\"x11i5rnm xat24cr x1mh8g0r x1vvkbs xtlvy1s x126k92a\">\n<div dir=\"auto\">&nbsp;<\/div>\n<div dir=\"auto\">Brawo zawodnicy!<\/div>\n<div dir=\"auto\">Brawo ZOSIA !<\/div>\n<\/div>\n<div dir=\"auto\">&nbsp;<\/div>\n<div dir=\"auto\"><a href=\"https:\/\/wpserwis.cfolks.pl\/r2\/wp-content\/uploads\/2024\/04\/439134093_18425883115016863_6424527117108064280_n.jpg\"><img loading=\"lazy\" decoding=\"async\" class=\"alignnone wp-image-32602 size-medium\" src=\"https:\/\/wpserwis.cfolks.pl\/r2\/wp-content\/uploads\/2024\/04\/439134093_18425883115016863_6424527117108064280_n-300x226.jpg\" alt=\"\" width=\"300\" height=\"226\"><\/a> <a href=\"https:\/\/wpserwis.cfolks.pl\/r2\/wp-content\/uploads\/2024\/04\/439208059_18425883124016863_5508715534959589640_n.jpg\"><img loading=\"lazy\" decoding=\"async\" class=\"alignnone wp-image-32603 size-medium\" src=\"https:\/\/wpserwis.cfolks.pl\/r2\/wp-content\/uploads\/2024\/04\/439208059_18425883124016863_5508715534959589640_n-300x226.jpg\" alt=\"\" width=\"300\" height=\"226\"><\/a> <a href=\"https:\/\/wpserwis.cfolks.pl\/r2\/wp-content\/uploads\/2024\/04\/439235462_18425883112016863_6669506764248683917_n.jpg\"><img loading=\"lazy\" decoding=\"async\" class=\"alignnone wp-image-32604 size-medium\" src=\"https:\/\/wpserwis.cfolks.pl\/r2\/wp-content\/uploads\/2024\/04\/439235462_18425883112016863_6669506764248683917_n-300x226.jpg\" alt=\"\" width=\"300\" height=\"226\"><\/a><\/div>\n<div dir=\"auto\">&nbsp;<\/div>\n<div dir=\"auto\">&nbsp;<\/div>\n","protected":false},"excerpt":{"rendered":"<p>W miniony weekend odby\u0142y si\u0119 pierwsze regaty \u017ceglarskie w tym sezonie na wodach Zalewu Zegrzy\u0144skiego. &nbsp; Siedmiu naszych zawodnik\u00f3w sekcji \u017ceglarskiej, podopiecznych trenera Ma\u0107ka Lato, wystartowa\u0142o w regatach otwarcia sezonu. Pierwszy dzie\u0144 pozwoli\u0142 na rozegranie tylko jednego wy\u015bcigu, a \u017ceglarze musieli wraca\u0107 w ulewnym deszczu i gradzie. &nbsp; Niedziela przywita\u0142a zawodnik\u00f3w istnie zimowymi warunkami. M\u0142odzi [&hellip;]<\/p>\n","protected":false},"author":1,"featured_media":32605,"comment_status":"closed","ping_status":"closed","sticky":false,"template":"","format":"standard","meta":{"_acf_changed":false,"footnotes":""},"categories":[1],"tags":[],"class_list":["post-32601","post","type-post","status-publish","format-standard","has-post-thumbnail","hentry","category-bez-kategorii"],"acf":[],"_links":{"self":[{"href":"https:\/\/wpserwis.cfolks.pl\/r2\/wp-json\/wp\/v2\/posts\/32601","targetHints":{"allow":["GET"]}}],"collection":[{"href":"https:\/\/wpserwis.cfolks.pl\/r2\/wp-json\/wp\/v2\/posts"}],"about":[{"href":"https:\/\/wpserwis.cfolks.pl\/r2\/wp-json\/wp\/v2\/types\/post"}],"author":[{"embeddable":true,"href":"https:\/\/wpserwis.cfolks.pl\/r2\/wp-json\/wp\/v2\/users\/1"}],"replies":[{"embeddable":true,"href":"https:\/\/wpserwis.cfolks.pl\/r2\/wp-json\/wp\/v2\/comments?post=32601"}],"version-history":[{"count":0,"href":"https:\/\/wpserwis.cfolks.pl\/r2\/wp-json\/wp\/v2\/posts\/32601\/revisions"}],"wp:featuredmedia":[{"embeddable":true,"href":"https:\/\/wpserwis.cfolks.pl\/r2\/wp-json\/"}],"wp:attachment":[{"href":"https:\/\/wpserwis.cfolks.pl\/r2\/wp-json\/wp\/v2\/media?parent=32601"}],"wp:term":[{"taxonomy":"category","embeddable":true,"href":"https:\/\/wpserwis.cfolks.pl\/r2\/wp-json\/wp\/v2\/categories?post=32601"},{"taxonomy":"post_tag","embeddable":true,"href":"https:\/\/wpserwis.cfolks.pl\/r2\/wp-json\/wp\/v2\/tags?post=32601"}],"curies":[{"name":"wp","href":"https:\/\/api.w.org\/{rel}","templated":true}]}}