{"id":32607,"date":"2024-04-29T11:01:06","date_gmt":"2024-04-29T09:01:06","guid":{"rendered":"https:\/\/wtw.waw.pl\/?p=32607"},"modified":"2024-04-29T11:01:06","modified_gmt":"2024-04-29T09:01:06","slug":"konrad-domanski-wystartuje-w-mlodziezowych-regatach-miedzynarodowych-w-gent","status":"publish","type":"post","link":"https:\/\/wpserwis.cfolks.pl\/r2\/konrad-domanski-wystartuje-w-mlodziezowych-regatach-miedzynarodowych-w-gent\/","title":{"rendered":"KONRAD DOMA\u0143SKI WYSTARTUJE W M\u0141ODZIE\u017bOWYCH REGATACH MI\u0118DZYNARODOWYCH W GENT"},"content":{"rendered":"<p>Nasz wio\u015blarz Konrad Doma\u0144ski, aktualnie przebywaj\u0105cy na zgrupowaniu m\u0142odzie\u017cowej kadry narodowej w COS OPO Wa\u0142cz, wystartuje w dniach 11-12 maja w mi\u0119dzynarodowych regatach U23 w belgijskim Gent.<\/p>\n<p>&nbsp;<\/p>\n<p>&nbsp;<\/p>\n<p>&nbsp;<\/p>\n<p>&nbsp;<\/p>\n<p>&nbsp;<\/p>\n<p>&nbsp;<\/p>\n<p>&nbsp;<\/p>\n<p>.<\/p>\n","protected":false},"excerpt":{"rendered":"<p>Nasz wio\u015blarz Konrad Doma\u0144ski, aktualnie przebywaj\u0105cy na zgrupowaniu m\u0142odzie\u017cowej kadry narodowej w COS OPO Wa\u0142cz, wystartuje w dniach 11-12 maja w mi\u0119dzynarodowych regatach U23 w belgijskim Gent. &nbsp; &nbsp; &nbsp; &nbsp; &nbsp; &nbsp; &nbsp; .<\/p>\n","protected":false},"author":1,"featured_media":32608,"comment_status":"closed","ping_status":"closed","sticky":false,"template":"","format":"standard","meta":{"_acf_changed":false,"footnotes":""},"categories":[1],"tags":[],"class_list":["post-32607","post","type-post","status-publish","format-standard","has-post-thumbnail","hentry","category-bez-kategorii"],"acf":[],"_links":{"self":[{"href":"https:\/\/wpserwis.cfolks.pl\/r2\/wp-json\/wp\/v2\/posts\/32607","targetHints":{"allow":["GET"]}}],"collection":[{"href":"https:\/\/wpserwis.cfolks.pl\/r2\/wp-json\/wp\/v2\/posts"}],"about":[{"href":"https:\/\/wpserwis.cfolks.pl\/r2\/wp-json\/wp\/v2\/types\/post"}],"author":[{"embeddable":true,"href":"https:\/\/wpserwis.cfolks.pl\/r2\/wp-json\/wp\/v2\/users\/1"}],"replies":[{"embeddable":true,"href":"https:\/\/wpserwis.cfolks.pl\/r2\/wp-json\/wp\/v2\/comments?post=32607"}],"version-history":[{"count":0,"href":"https:\/\/wpserwis.cfolks.pl\/r2\/wp-json\/wp\/v2\/posts\/32607\/revisions"}],"wp:featuredmedia":[{"embeddable":true,"href":"https:\/\/wpserwis.cfolks.pl\/r2\/wp-json\/"}],"wp:attachment":[{"href":"https:\/\/wpserwis.cfolks.pl\/r2\/wp-json\/wp\/v2\/media?parent=32607"}],"wp:term":[{"taxonomy":"category","embeddable":true,"href":"https:\/\/wpserwis.cfolks.pl\/r2\/wp-json\/wp\/v2\/categories?post=32607"},{"taxonomy":"post_tag","embeddable":true,"href":"https:\/\/wpserwis.cfolks.pl\/r2\/wp-json\/wp\/v2\/tags?post=32607"}],"curies":[{"name":"wp","href":"https:\/\/api.w.org\/{rel}","templated":true}]}}