{"id":32611,"date":"2024-04-29T11:10:06","date_gmt":"2024-04-29T09:10:06","guid":{"rendered":"https:\/\/wtw.waw.pl\/?p=32611"},"modified":"2024-04-29T11:10:06","modified_gmt":"2024-04-29T09:10:06","slug":"piotr-plominski-bez-kwalifikacji-do-igrzysk-olimpijskich-w-paryzu","status":"publish","type":"post","link":"https:\/\/wpserwis.cfolks.pl\/r2\/piotr-plominski-bez-kwalifikacji-do-igrzysk-olimpijskich-w-paryzu\/","title":{"rendered":"PIOTR P\u0141OMI\u0143SKI BEZ KWALIFIKACJI DO IGRZYSK OLIMPIJSKICH W PARY\u017bU"},"content":{"rendered":"<p>Niestety nie uda\u0142a si\u0119 w\u0119gierska misja pr\u00f3by zakwalifikowania do Igrzysk Olimpijskich w Pary\u017cu, naszemu m\u0142odzie\u017cowemu Mistrzowi \u015awiata &#8211; Piotrowi P\u0142omi\u0144skiemu.<\/p>\n<p>Piotr w swoim pierwszym starcie na torze w Szeged, nie zakwalifikowa\u0142 si\u0119 bezpo\u015brednio do p\u00f3\u0142fina\u0142u jedynkarzy i swojego szcz\u0119\u015bcia musia\u0142 szuka\u0107 w repesa\u017cu.<\/p>\n<p>W kolejnym wy\u015bcigu, by\u0142o ju\u017c du\u017co lepiej i P\u0142omi\u0144ski zameldowa\u0142 si\u0119 w p\u00f3\u0142finale. Niestety to tyle z dobrych wie\u015bci. Nieudany p\u00f3\u0142fina\u0142 (ostatnie miejsce, chocia\u017c po po\u0142owie dystansu by\u0142a pierwsza tr\u00f3jka daj\u0105ca awans do \u015bcis\u0142ego fina\u0142u).&nbsp; W finale B, Piotr przyp\u0142yn\u0105\u0142 na miejscu pi\u0105tym.<\/p>\n<p>Dzi\u0119kujemy Piotr za walk\u0119 do ko\u0144ca i emocje. Kibicujemy dalej !<\/p>\n<p>&nbsp;<\/p>\n<p>&nbsp;<\/p>\n<p>&nbsp;<\/p>\n<p>.<\/p>\n","protected":false},"excerpt":{"rendered":"<p>Niestety nie uda\u0142a si\u0119 w\u0119gierska misja pr\u00f3by zakwalifikowania do Igrzysk Olimpijskich w Pary\u017cu, naszemu m\u0142odzie\u017cowemu Mistrzowi \u015awiata &#8211; Piotrowi P\u0142omi\u0144skiemu. Piotr w swoim pierwszym starcie na torze w Szeged, nie zakwalifikowa\u0142 si\u0119 bezpo\u015brednio do p\u00f3\u0142fina\u0142u jedynkarzy i swojego szcz\u0119\u015bcia musia\u0142 szuka\u0107 w repesa\u017cu. W kolejnym wy\u015bcigu, by\u0142o ju\u017c du\u017co lepiej i P\u0142omi\u0144ski zameldowa\u0142 si\u0119 w [&hellip;]<\/p>\n","protected":false},"author":1,"featured_media":30722,"comment_status":"closed","ping_status":"closed","sticky":false,"template":"","format":"standard","meta":{"_acf_changed":false,"footnotes":""},"categories":[1],"tags":[],"class_list":["post-32611","post","type-post","status-publish","format-standard","has-post-thumbnail","hentry","category-bez-kategorii"],"acf":[],"_links":{"self":[{"href":"https:\/\/wpserwis.cfolks.pl\/r2\/wp-json\/wp\/v2\/posts\/32611","targetHints":{"allow":["GET"]}}],"collection":[{"href":"https:\/\/wpserwis.cfolks.pl\/r2\/wp-json\/wp\/v2\/posts"}],"about":[{"href":"https:\/\/wpserwis.cfolks.pl\/r2\/wp-json\/wp\/v2\/types\/post"}],"author":[{"embeddable":true,"href":"https:\/\/wpserwis.cfolks.pl\/r2\/wp-json\/wp\/v2\/users\/1"}],"replies":[{"embeddable":true,"href":"https:\/\/wpserwis.cfolks.pl\/r2\/wp-json\/wp\/v2\/comments?post=32611"}],"version-history":[{"count":0,"href":"https:\/\/wpserwis.cfolks.pl\/r2\/wp-json\/wp\/v2\/posts\/32611\/revisions"}],"wp:featuredmedia":[{"embeddable":true,"href":"https:\/\/wpserwis.cfolks.pl\/r2\/wp-json\/"}],"wp:attachment":[{"href":"https:\/\/wpserwis.cfolks.pl\/r2\/wp-json\/wp\/v2\/media?parent=32611"}],"wp:term":[{"taxonomy":"category","embeddable":true,"href":"https:\/\/wpserwis.cfolks.pl\/r2\/wp-json\/wp\/v2\/categories?post=32611"},{"taxonomy":"post_tag","embeddable":true,"href":"https:\/\/wpserwis.cfolks.pl\/r2\/wp-json\/wp\/v2\/tags?post=32611"}],"curies":[{"name":"wp","href":"https:\/\/api.w.org\/{rel}","templated":true}]}}