{"id":32621,"date":"2024-05-07T15:34:20","date_gmt":"2024-05-07T13:34:20","guid":{"rendered":"https:\/\/wtw.waw.pl\/?p=32621"},"modified":"2024-05-07T15:34:20","modified_gmt":"2024-05-07T13:34:20","slug":"majowkowe-regaty-zeglarskie-w-pucku","status":"publish","type":"post","link":"https:\/\/wpserwis.cfolks.pl\/r2\/majowkowe-regaty-zeglarskie-w-pucku\/","title":{"rendered":"MAJ\u00d4WKOWE REGATY \u017bEGLARSKIE W PUCKU"},"content":{"rendered":"<div class=\"xdj266r x11i5rnm xat24cr x1mh8g0r x1vvkbs x126k92a\">\n<div dir=\"auto\">Przez okres maj\u00f3wki, kiedy w wi\u0119kszo\u015bci wszyscy wypoczywali\u015bmy przy pi\u0119knej pogodzie, nasza grupa regatowa \u017ceglarska nie pr\u00f3\u017cnowa\u0142a.<\/div>\n<div dir=\"auto\">Nasi m\u0142odzi &#8222;optymi\u015bciarze&#8221; podopieczni trenera Ma\u0107ka Lato, rywalizowali przez kilka dni, w Zatoce Puckiej na regatach \u017ceglarskich.<\/div>\n<div dir=\"auto\">&nbsp;<\/div>\n<\/div>\n<div class=\"x11i5rnm xat24cr x1mh8g0r x1vvkbs xtlvy1s x126k92a\">\n<div dir=\"auto\">Pogoda by\u0142a nietypowa jak na ten czas w tym miejscu, poniewa\u017c ma\u0142o wia\u0142o i by\u0142o ciep\u0142o i s\u0142onecznie.<\/div>\n<div dir=\"auto\">&nbsp;<\/div>\n<div dir=\"auto\">S\u0142aby wiatr jest szczeg\u00f3lnie wymagaj\u0105cy dla zawodnik\u00f3w, kt\u00f3rzy musz\u0105 wytrzyma\u0107 napi\u0119cie spowodowane ma\u0142ymi pr\u0119dko\u015bciami jachtu i brakiem aktywno\u015bci fizycznej na \u0142\u00f3dce. Wymaga to szczeg\u00f3lnej koncentracji. By\u0142a to niezwykle cenna lekcja dla naszych zawodnik\u00f3w.<\/div>\n<div dir=\"auto\">&nbsp;<\/div>\n<div dir=\"auto\">W grupie A dla grupy br\u0105zowej rozegrano 9 wy\u015bcig\u00f3w. W tej grupie \u015bciga\u0142 si\u0119 Wiktor i Kajetan.<\/div>\n<div dir=\"auto\">&nbsp;<\/div>\n<div dir=\"auto\">W grupie B rozegrano 6 wy\u015bcig\u00f3w w z\u0142otej grupie do kt\u00f3rej zakwalifikowa\u0142 si\u0119 Franek oraz 5 wy\u015bcig\u00f3w w grupie br\u0105zowej, do kt\u00f3rej trafi\u0142 Antek, Mateusz i Wojtek.<\/div>\n<div dir=\"auto\">&nbsp;<\/div>\n<\/div>\n<div class=\"x11i5rnm xat24cr x1mh8g0r x1vvkbs xtlvy1s x126k92a\">\n<div dir=\"auto\">Cieszymy si\u0119 \u017ce zawodnicy naszej sekcji wracaj\u0105 do rywalizacji w og\u00f3lnopolskich regatach.<\/div>\n<div dir=\"auto\">&nbsp;<\/div>\n<div dir=\"auto\">Dzi\u0119kujemy za zaanga\u017cowanie i jeste\u015bmy ciekawi co przyniesie dalej sezon.<\/div>\n<\/div>\n<div dir=\"auto\">&nbsp;<\/div>\n<div dir=\"auto\">&nbsp;<\/div>\n<div dir=\"auto\"><a href=\"https:\/\/wpserwis.cfolks.pl\/r2\/wp-content\/uploads\/2024\/05\/439273297_18428143852016863_761725624997038241_n.jpg\"><img loading=\"lazy\" decoding=\"async\" class=\"alignnone wp-image-32623 size-medium\" src=\"https:\/\/wpserwis.cfolks.pl\/r2\/wp-content\/uploads\/2024\/05\/439273297_18428143852016863_761725624997038241_n-282x300.jpg\" alt=\"\" width=\"282\" height=\"300\"><\/a> <a href=\"https:\/\/wpserwis.cfolks.pl\/r2\/wp-content\/uploads\/2024\/05\/439431792_18428143831016863_6364026144741817977_n.jpg\"><img loading=\"lazy\" decoding=\"async\" class=\"alignnone wp-image-32624 size-medium\" src=\"https:\/\/wpserwis.cfolks.pl\/r2\/wp-content\/uploads\/2024\/05\/439431792_18428143831016863_6364026144741817977_n-283x300.jpg\" alt=\"\" width=\"283\" height=\"300\"><\/a> <a href=\"https:\/\/wpserwis.cfolks.pl\/r2\/wp-content\/uploads\/2024\/05\/440777750_18428143843016863_3386128120212234247_n.jpg\"><img loading=\"lazy\" decoding=\"async\" class=\"alignnone wp-image-32625 size-medium\" src=\"https:\/\/wpserwis.cfolks.pl\/r2\/wp-content\/uploads\/2024\/05\/440777750_18428143843016863_3386128120212234247_n-283x300.jpg\" alt=\"\" width=\"283\" height=\"300\"><\/a><\/div>\n<div dir=\"auto\">&nbsp;<\/div>\n<div dir=\"auto\">&nbsp;<\/div>\n<div dir=\"auto\">&nbsp;<\/div>\n<div dir=\"auto\">.<\/div>\n","protected":false},"excerpt":{"rendered":"<p>Przez okres maj\u00f3wki, kiedy w wi\u0119kszo\u015bci wszyscy wypoczywali\u015bmy przy pi\u0119knej pogodzie, nasza grupa regatowa \u017ceglarska nie pr\u00f3\u017cnowa\u0142a. Nasi m\u0142odzi &#8222;optymi\u015bciarze&#8221; podopieczni trenera Ma\u0107ka Lato, rywalizowali przez kilka dni, w Zatoce Puckiej na regatach \u017ceglarskich. &nbsp; Pogoda by\u0142a nietypowa jak na ten czas w tym miejscu, poniewa\u017c ma\u0142o wia\u0142o i by\u0142o ciep\u0142o i s\u0142onecznie. &nbsp; S\u0142aby [&hellip;]<\/p>\n","protected":false},"author":1,"featured_media":32622,"comment_status":"closed","ping_status":"closed","sticky":false,"template":"","format":"standard","meta":{"_acf_changed":false,"footnotes":""},"categories":[1],"tags":[],"class_list":["post-32621","post","type-post","status-publish","format-standard","has-post-thumbnail","hentry","category-bez-kategorii"],"acf":[],"_links":{"self":[{"href":"https:\/\/wpserwis.cfolks.pl\/r2\/wp-json\/wp\/v2\/posts\/32621","targetHints":{"allow":["GET"]}}],"collection":[{"href":"https:\/\/wpserwis.cfolks.pl\/r2\/wp-json\/wp\/v2\/posts"}],"about":[{"href":"https:\/\/wpserwis.cfolks.pl\/r2\/wp-json\/wp\/v2\/types\/post"}],"author":[{"embeddable":true,"href":"https:\/\/wpserwis.cfolks.pl\/r2\/wp-json\/wp\/v2\/users\/1"}],"replies":[{"embeddable":true,"href":"https:\/\/wpserwis.cfolks.pl\/r2\/wp-json\/wp\/v2\/comments?post=32621"}],"version-history":[{"count":0,"href":"https:\/\/wpserwis.cfolks.pl\/r2\/wp-json\/wp\/v2\/posts\/32621\/revisions"}],"wp:featuredmedia":[{"embeddable":true,"href":"https:\/\/wpserwis.cfolks.pl\/r2\/wp-json\/"}],"wp:attachment":[{"href":"https:\/\/wpserwis.cfolks.pl\/r2\/wp-json\/wp\/v2\/media?parent=32621"}],"wp:term":[{"taxonomy":"category","embeddable":true,"href":"https:\/\/wpserwis.cfolks.pl\/r2\/wp-json\/wp\/v2\/categories?post=32621"},{"taxonomy":"post_tag","embeddable":true,"href":"https:\/\/wpserwis.cfolks.pl\/r2\/wp-json\/wp\/v2\/tags?post=32621"}],"curies":[{"name":"wp","href":"https:\/\/api.w.org\/{rel}","templated":true}]}}