{"id":32632,"date":"2024-05-14T11:53:36","date_gmt":"2024-05-14T09:53:36","guid":{"rendered":"https:\/\/wtw.waw.pl\/?p=32632"},"modified":"2024-05-14T11:53:36","modified_gmt":"2024-05-14T09:53:36","slug":"udany-weekend-naszych-kadrowiczow-podsumowanie","status":"publish","type":"post","link":"https:\/\/wpserwis.cfolks.pl\/r2\/udany-weekend-naszych-kadrowiczow-podsumowanie\/","title":{"rendered":"UDANY WEEKEND NASZYCH KADROWICZ\u00d3W &#8211; PODSUMOWANIE"},"content":{"rendered":"<div class=\"xdj266r x11i5rnm xat24cr x1mh8g0r x1vvkbs x126k92a\">\n<div dir=\"auto\">Miniony weekend obfitowa\u0142 w regaty mi\u0119dzynarodowe, w kt\u00f3rych wzi\u0119li udzia\u0142 nasi zawodnicy. Konrad Doma\u0144ski startowa\u0142 na regatach m\u0142odzie\u017cowych w Gent (Belgia), a Oktawia Stankiewicz-Wendling oraz Josephine Schlesinger startowa\u0142y w regatach Olympic Hopes w czeskim Brnie.<\/div>\n<div dir=\"auto\">&nbsp;<\/div>\n<div dir=\"auto\">Obie osady przywioz\u0142y do Polski medale.<\/div>\n<\/div>\n<div class=\"x11i5rnm xat24cr x1mh8g0r x1vvkbs xtlvy1s x126k92a\">\n<div dir=\"auto\">&nbsp;<\/div>\n<div dir=\"auto\">Kr\u00f3tkie podsumowanie regat od naszych zawodnik\u00f3w:<\/div>\n<\/div>\n<div class=\"x11i5rnm xat24cr x1mh8g0r x1vvkbs xtlvy1s x126k92a\">\n<div dir=\"auto\">&nbsp;<\/div>\n<div dir=\"auto\"><strong>Konrad Doma\u0144ski:<\/strong><\/div>\n<\/div>\n<div class=\"x11i5rnm xat24cr x1mh8g0r x1vvkbs xtlvy1s x126k92a\">\n<div dir=\"auto\">\u201e<em>To by\u0142y pierwsze regaty mi\u0119dzynarodowe w tym sezonie. W sobot\u0119 mia\u0142em okazj\u0119 sprawdzi\u0107 si\u0119 na dw\u00f3jce podw\u00f3jnej z Czarkiem Litk\u0105. Zaj\u0119li\u015bmy trzecie miejsce co jest do\u015b\u0107 dobrym prognostykiem na sezon poniewa\u017c przegrali\u015bmy z osadami kt\u00f3re zdobywa\u0142y ju\u017c medale na Mistrzostwach \u015awiata. W niedziel\u0119 startowa\u0142em czw\u00f3rk\u0119 podw\u00f3jn\u0105 z Czarkiem Litk\u0105, Igorem Czekanowiczem i Micha\u0142em Ra\u0144d\u0105. <\/em><\/div>\n<div dir=\"auto\"><em>Zaj\u0119li\u015bmy czwarte miejsce po bardzo wyr\u00f3wnanym biegu. Zabrak\u0142o nam troch\u0119 op\u0142ywania ze sob\u0105 ale i tak zrobili\u015bmy du\u017cy post\u0119p mi\u0119dzy przedbiegiem, a fina\u0142em, tak\u017ce w tej osadzie te\u017c jest du\u017cy potencja\u0142. Teraz mam 2 tygodnie w domu i potem jad\u0119 na ob\u00f3z do I\u0142awy i kolejne regaty mi\u0119dzynarodowe w Ratzeburgu<\/em>.\u201d<\/div>\n<\/div>\n<div class=\"x11i5rnm xat24cr x1mh8g0r x1vvkbs xtlvy1s x126k92a\">\n<div dir=\"auto\">&nbsp;<\/div>\n<div dir=\"auto\"><strong>Oktawia Stankiewicz-Wendling:<\/strong><\/div>\n<\/div>\n<div class=\"x11i5rnm xat24cr x1mh8g0r x1vvkbs xtlvy1s x126k92a\">\n<div dir=\"auto\">\u201e<em>Zawody wed\u0142ug mnie jak najbardziej udane! Sporo do\u015bwiadczenia nam nadal brakuje, lecz wla\u015bnie po to tu przyjechali\u015bmy. Wyjazd by\u0142 poprzedzony tygodniowym zgrupowaniem przygotowawczym i widzimy spore post\u0119py. Jeste\u015bmy dobrze nastawione na kolejne zawody, b\u0119dziemy walczy\u0107 i liczymy na jeszcze wi\u0119kszy progres wraz z czasem<\/em>.&#8221;<\/div>\n<div dir=\"auto\">&nbsp;<\/div>\n<\/div>\n<div class=\"x11i5rnm xat24cr x1mh8g0r x1vvkbs xtlvy1s x126k92a\">\n<div dir=\"auto\">Gratulujemy naszym zawodnikom oraz trenerom. To dopiero pocz\u0105tek sezonu regatowego, a ju\u017c jeste\u015bmy widoczni jako klub na arenie mi\u0119dzynarodowej.<\/div>\n<\/div>\n<div dir=\"auto\">&nbsp;<\/div>\n<div dir=\"auto\">&nbsp;<\/div>\n<div dir=\"auto\"><a href=\"https:\/\/wpserwis.cfolks.pl\/r2\/wp-content\/uploads\/2024\/05\/441510860_18429705970016863_6832167983957290488_n.jpg\"><img loading=\"lazy\" decoding=\"async\" class=\"alignnone wp-image-32634 size-medium\" src=\"https:\/\/wpserwis.cfolks.pl\/r2\/wp-content\/uploads\/2024\/05\/441510860_18429705970016863_6832167983957290488_n-300x252.jpg\" alt=\"\" width=\"300\" height=\"252\"><\/a> <a href=\"https:\/\/wpserwis.cfolks.pl\/r2\/wp-content\/uploads\/2024\/05\/442479081_18429705952016863_5142048057095227872_n.jpg\"><img loading=\"lazy\" decoding=\"async\" class=\"alignnone wp-image-32635 size-medium\" src=\"https:\/\/wpserwis.cfolks.pl\/r2\/wp-content\/uploads\/2024\/05\/442479081_18429705952016863_5142048057095227872_n-300x251.jpg\" alt=\"\" width=\"300\" height=\"251\"><\/a><\/div>\n<div dir=\"auto\">&nbsp;<\/div>\n<div dir=\"auto\">.<\/div>\n","protected":false},"excerpt":{"rendered":"<p>Miniony weekend obfitowa\u0142 w regaty mi\u0119dzynarodowe, w kt\u00f3rych wzi\u0119li udzia\u0142 nasi zawodnicy. Konrad Doma\u0144ski startowa\u0142 na regatach m\u0142odzie\u017cowych w Gent (Belgia), a Oktawia Stankiewicz-Wendling oraz Josephine Schlesinger startowa\u0142y w regatach Olympic Hopes w czeskim Brnie. &nbsp; Obie osady przywioz\u0142y do Polski medale. &nbsp; Kr\u00f3tkie podsumowanie regat od naszych zawodnik\u00f3w: &nbsp; Konrad Doma\u0144ski: \u201eTo by\u0142y pierwsze [&hellip;]<\/p>\n","protected":false},"author":1,"featured_media":32633,"comment_status":"closed","ping_status":"closed","sticky":false,"template":"","format":"standard","meta":{"_acf_changed":false,"footnotes":""},"categories":[1],"tags":[],"class_list":["post-32632","post","type-post","status-publish","format-standard","has-post-thumbnail","hentry","category-bez-kategorii"],"acf":[],"_links":{"self":[{"href":"https:\/\/wpserwis.cfolks.pl\/r2\/wp-json\/wp\/v2\/posts\/32632","targetHints":{"allow":["GET"]}}],"collection":[{"href":"https:\/\/wpserwis.cfolks.pl\/r2\/wp-json\/wp\/v2\/posts"}],"about":[{"href":"https:\/\/wpserwis.cfolks.pl\/r2\/wp-json\/wp\/v2\/types\/post"}],"author":[{"embeddable":true,"href":"https:\/\/wpserwis.cfolks.pl\/r2\/wp-json\/wp\/v2\/users\/1"}],"replies":[{"embeddable":true,"href":"https:\/\/wpserwis.cfolks.pl\/r2\/wp-json\/wp\/v2\/comments?post=32632"}],"version-history":[{"count":0,"href":"https:\/\/wpserwis.cfolks.pl\/r2\/wp-json\/wp\/v2\/posts\/32632\/revisions"}],"wp:featuredmedia":[{"embeddable":true,"href":"https:\/\/wpserwis.cfolks.pl\/r2\/wp-json\/"}],"wp:attachment":[{"href":"https:\/\/wpserwis.cfolks.pl\/r2\/wp-json\/wp\/v2\/media?parent=32632"}],"wp:term":[{"taxonomy":"category","embeddable":true,"href":"https:\/\/wpserwis.cfolks.pl\/r2\/wp-json\/wp\/v2\/categories?post=32632"},{"taxonomy":"post_tag","embeddable":true,"href":"https:\/\/wpserwis.cfolks.pl\/r2\/wp-json\/wp\/v2\/tags?post=32632"}],"curies":[{"name":"wp","href":"https:\/\/api.w.org\/{rel}","templated":true}]}}