{"id":32682,"date":"2024-05-20T13:08:18","date_gmt":"2024-05-20T11:08:18","guid":{"rendered":"https:\/\/wtw.waw.pl\/?p=32682"},"modified":"2024-05-20T13:08:18","modified_gmt":"2024-05-20T11:08:18","slug":"otworzylismy-146ty-sezon-wtw-warszawa","status":"publish","type":"post","link":"https:\/\/wpserwis.cfolks.pl\/r2\/otworzylismy-146ty-sezon-wtw-warszawa\/","title":{"rendered":"OTWORZYLI\u015aMY 146ty SEZON WTW WARSZAWA"},"content":{"rendered":"<p>Otworzyli\u015bmy 146ty sezon sportowo-turystyczny Warszawskiego Towarzystwa Wio\u015blarskiego.<\/p>\n<p>W minion\u0105 sobot\u0119, kilka minut po godzinie 16:00, na terenie WTW przy ul. Wio\u015blarskiej 6 w Warszawie, odby\u0142a si\u0119 coroczna uroczysto\u015b\u0107 otwarcia sezonu naszego klubu.<\/p>\n<p>Pi\u0119kna pogoda od rana zach\u0119ca\u0142a \u017ceby do\u0142\u0105czy\u0107 do wsp\u00f3lnego celebrowania otwarcia kolejnego sezonu najstarszego Towarzystwa sportowego w Polsce.<\/p>\n<p>Ceremoni\u0119&nbsp;poprzedzi\u0142 kr\u00f3tki apel, podczas kt\u00f3rego wprowadzony zosta\u0142 poczet sztandarowy i poczet flagowy. Pan Lubomir Jarosz, nasz zaprzyja\u017aniony tr\u0119bacz zagra\u0142 hymn Towarzystwa, a bandera zosta\u0142a wci\u0105gni\u0119ta na maszt.<\/p>\n<p>Prowadz\u0105cy uroczysto\u015b\u0107, Druh Rafa\u0142 Sisicki powita\u0142 wszystkich zebranych go\u015bci.<\/p>\n<p>Mi\u0119dzy innymi obecno\u015bci\u0105 swoj\u0105 nas zaszczycili: Pan Mariusz M\u0142ynarczyk \u2013 Wicedyrektor Departamentu Edukacji Publicznej i Sportu Urz\u0119du Marsza\u0142kowskiego woj. Mazowieckiego, Pan Rafa\u0142 Miastowski \u2013 Burmistrz dzielnicy Mokot\u00f3w, Pan Jan Mackiewicz \u2013 Zast\u0119pca Burmistrza dzielnicy Bia\u0142o\u0142\u0119ka, Pan Bartosz Kusior \u2013 Prezes Zarz\u0105du Sp\u00f3\u0142ki PL 2012+ Zarz\u0105dcy Stadionu Narodowego w Warszawie, Pani Katarzyna \u0141\u0119giewicz \u2013 Dyrektor Sto\u0142ecznego Centrum Sportu Aktywna Warszawa, Pani Katarzyna Bornowska \u2013 Radna Sejmiku woj. Mazowieckiego, Pani Marta Jab\u0142o\u0144ska \u2013 Radna m.st. Warszawy, Pan Robert Zaborski \u2013 Sekretarz Generalny Polskiego Zwi\u0105zku Towarzystw Wio\u015blarskich, Pan Stanis\u0142aw Dobosz \u2013 Prezes Unii Zwi\u0105zk\u00f3w Sportowych Warszawy i Mazowsza, Dyrektorzy sto\u0142ecznych o\u015brodk\u00f3w sportu: Pani Agnieszka Macheta (dzielnica W\u0142ochy), Pan Krzysztof Rosi\u0144ski (dzielnica Mokot\u00f3w), Pan Marek Sta\u0144czak (dzielnica Ursyn\u00f3w), Pan Dariusz Dombrowski (dzielnica Praga Po\u0142udnie).<\/p>\n<p>Nast\u0119pnie g\u0142os zabra\u0142 Prezes Towarzystwa Pan Bogus\u0142aw Siennicki, kt\u00f3ry w swoim wyst\u0105pieniu podsumowa\u0142 czteroletni\u0105 kadencj\u0119 Zarz\u0105du WTW, jednocze\u015bnie dzi\u0119kuj\u0105c wszystkim , zaanga\u017cowanym w rozw\u00f3j Towarzystwa.<\/p>\n<p>Nast\u0119pnie Prowadz\u0105cy uroczysto\u015b\u0107 , odczyta\u0142 list gratulacyjny dla WTW od Marsza\u0142ka woj. Mazowieckiego Pana Adama Struzika.<\/p>\n<p>Nie oby\u0142o si\u0119 r\u00f3wnie\u017c bez podzi\u0119kowa\u0144 i wr\u0119czenia odznacze\u0144. Obecny podczas wydarzenia Sekretarz Generalny PZTW Pan Robert Zaborski wr\u0119czy\u0142 medale \u2018Bene Meritus\u201d oraz \u201eZas\u0142u\u017cony dla wio\u015blarstwa\u201d przyznane przez Zarz\u0105d PZTW, pracownikom i cz\u0142onkom WTW. Nagrody otrzymali: \u201eZas\u0142u\u017cony dla wio\u015blarstwa\u201d: Bogdan Okni\u0144ski, Grzegorz Okni\u0144ski, S\u0142awomir Smoli\u0144ski. \u201eBene Meritus\u201d: Maria Wolska, Joanna Dorociak, Lidia Tro\u0107, Jaros\u0142aw Wolski, Krzysztof Rutte, Bogus\u0142aw Siennicki.<\/p>\n<p>Na koniec Dyrektor Biura Pan Maciej \u015aliwi\u0144ski, przekaza\u0142 dobre nowiny. Po d\u0142u\u017cszym czasie poszukiwa\u0107, WTW uda\u0142o si\u0119&nbsp;pozyska\u0107 kolejnego Sponsora. Zosta\u0142a nim Fundacja im. Agatki Modrzejewskiej, kt\u00f3ra zosta\u0142a sponsorem comiesi\u0119cznego stypendium dla naszego najlepszego zawodnika Piotr P\u0142omi\u0144skiego. Obecni na uroczysto\u015bci Prezesi Fundacji Panowie Jerzy i Piotr Modrzejewscy, odebrali z r\u0105k Prezesa WTW ryngraf klubowy. Dodatkiem do podzi\u0119kowa\u0107, by\u0142y klubowe bluzy.<\/p>\n<p>Na koniec, mieli\u015bmy jeszcze jeden bardzo mi\u0142y, aczkolwiek niezapowiedziany moment: Dyrektor (poza protoko\u0142em) podzi\u0119kowa\u0142 Druhowi Rafa\u0142owi Sisickiemu, za wk\u0142ad w\u0142o\u017cony w przygotowania nad re\u017cyseri\u0105 ubieg\u0142orocznej gali jubileuszowej WTW. W ramach podzi\u0119kowa\u0144 Druh Rafa\u0142 otrzyma\u0142 r\u00f3wnie\u017c klubow\u0105 bluz\u0119.<\/p>\n<p>Sztandar zosta\u0142 wyprowadzony i rozpocz\u0119\u0142a si\u0119&nbsp;chwila dla fotograf\u00f3w, a wszyscy skierowali si\u0119&nbsp;do Sali klubowej, gdzie przygotowany zosta\u0142 grill i drobny pocz\u0119stunek.<\/p>\n<p><span style=\"color: #0000ff;\"><a style=\"color: #0000ff;\" href=\"https:\/\/www.facebook.com\/media\/set\/?vanity=WTW.Warszawa&amp;set=a.841114948045361\">PE\u0141NA GALERIA NA NASZYM KONCIE FACEBOOK<\/a><\/span><\/p>\n<p>&nbsp;<\/p>\n<p><a href=\"https:\/\/wpserwis.cfolks.pl\/r2\/wp-content\/uploads\/2024\/05\/WTW-006.jpg\"><img loading=\"lazy\" decoding=\"async\" class=\"alignnone wp-image-32687 size-medium\" src=\"https:\/\/wpserwis.cfolks.pl\/r2\/wp-content\/uploads\/2024\/05\/WTW-006-300x200.jpg\" alt=\"\" width=\"300\" height=\"200\"><\/a><a href=\"https:\/\/wpserwis.cfolks.pl\/r2\/wp-content\/uploads\/2024\/05\/WTW-002.jpg\"><img loading=\"lazy\" decoding=\"async\" class=\"alignnone wp-image-32684 size-medium\" src=\"https:\/\/wpserwis.cfolks.pl\/r2\/wp-content\/uploads\/2024\/05\/WTW-002-300x200.jpg\" alt=\"\" width=\"300\" height=\"200\"><\/a> <a href=\"https:\/\/wpserwis.cfolks.pl\/r2\/wp-content\/uploads\/2024\/05\/WTW-003.jpg\"><img loading=\"lazy\" decoding=\"async\" class=\"alignnone wp-image-32685 size-medium\" src=\"https:\/\/wpserwis.cfolks.pl\/r2\/wp-content\/uploads\/2024\/05\/WTW-003-300x200.jpg\" alt=\"\" width=\"300\" height=\"200\"><\/a> <a href=\"https:\/\/wpserwis.cfolks.pl\/r2\/wp-content\/uploads\/2024\/05\/WTW-005.jpg\"><img loading=\"lazy\" decoding=\"async\" class=\"alignnone wp-image-32686 size-medium\" src=\"https:\/\/wpserwis.cfolks.pl\/r2\/wp-content\/uploads\/2024\/05\/WTW-005-300x200.jpg\" alt=\"\" width=\"300\" height=\"200\"><\/a> <a href=\"https:\/\/wpserwis.cfolks.pl\/r2\/wp-content\/uploads\/2024\/05\/WTW-008.jpg\"><img loading=\"lazy\" decoding=\"async\" class=\"alignnone wp-image-32689 size-medium\" src=\"https:\/\/wpserwis.cfolks.pl\/r2\/wp-content\/uploads\/2024\/05\/WTW-008-300x200.jpg\" alt=\"\" width=\"300\" height=\"200\"><\/a><a href=\"https:\/\/wpserwis.cfolks.pl\/r2\/wp-content\/uploads\/2024\/05\/WTW-007.jpg\"><img loading=\"lazy\" decoding=\"async\" class=\"alignnone wp-image-32688 size-medium\" src=\"https:\/\/wpserwis.cfolks.pl\/r2\/wp-content\/uploads\/2024\/05\/WTW-007-300x200.jpg\" alt=\"\" width=\"300\" height=\"200\"><\/a> <a href=\"https:\/\/wpserwis.cfolks.pl\/r2\/wp-content\/uploads\/2024\/05\/WTW-009.jpg\"><img loading=\"lazy\" decoding=\"async\" class=\"alignnone wp-image-32690 size-medium\" src=\"https:\/\/wpserwis.cfolks.pl\/r2\/wp-content\/uploads\/2024\/05\/WTW-009-300x200.jpg\" alt=\"\" width=\"300\" height=\"200\"><\/a> <a href=\"https:\/\/wpserwis.cfolks.pl\/r2\/wp-content\/uploads\/2024\/05\/WTW-014.jpg\"><img loading=\"lazy\" decoding=\"async\" class=\"alignnone wp-image-32695 size-medium\" src=\"https:\/\/wpserwis.cfolks.pl\/r2\/wp-content\/uploads\/2024\/05\/WTW-014-300x200.jpg\" alt=\"\" width=\"300\" height=\"200\"><\/a> <a href=\"https:\/\/wpserwis.cfolks.pl\/r2\/wp-content\/uploads\/2024\/05\/WTW-016.jpg\"><img loading=\"lazy\" decoding=\"async\" class=\"alignnone wp-image-32697 size-medium\" src=\"https:\/\/wpserwis.cfolks.pl\/r2\/wp-content\/uploads\/2024\/05\/WTW-016-300x200.jpg\" alt=\"\" width=\"300\" height=\"200\"><\/a> <a href=\"https:\/\/wpserwis.cfolks.pl\/r2\/wp-content\/uploads\/2024\/05\/WTW-013.jpg\"><img loading=\"lazy\" decoding=\"async\" class=\"alignnone wp-image-32694 size-medium\" src=\"https:\/\/wpserwis.cfolks.pl\/r2\/wp-content\/uploads\/2024\/05\/WTW-013-300x200.jpg\" alt=\"\" width=\"300\" height=\"200\"><\/a><a href=\"https:\/\/wpserwis.cfolks.pl\/r2\/wp-content\/uploads\/2024\/05\/WTW-017.jpg\"><img loading=\"lazy\" decoding=\"async\" class=\"alignnone wp-image-32698 size-medium\" src=\"https:\/\/wpserwis.cfolks.pl\/r2\/wp-content\/uploads\/2024\/05\/WTW-017-300x200.jpg\" alt=\"\" width=\"300\" height=\"200\"><\/a> <a href=\"https:\/\/wpserwis.cfolks.pl\/r2\/wp-content\/uploads\/2024\/05\/WTW-018.jpg\"><img loading=\"lazy\" decoding=\"async\" class=\"alignnone wp-image-32699 size-medium\" src=\"https:\/\/wpserwis.cfolks.pl\/r2\/wp-content\/uploads\/2024\/05\/WTW-018-300x200.jpg\" alt=\"\" width=\"300\" height=\"200\"><\/a> <a href=\"https:\/\/wpserwis.cfolks.pl\/r2\/wp-content\/uploads\/2024\/05\/WTW-020.jpg\"><img loading=\"lazy\" decoding=\"async\" class=\"alignnone wp-image-32700 size-medium\" src=\"https:\/\/wpserwis.cfolks.pl\/r2\/wp-content\/uploads\/2024\/05\/WTW-020-300x200.jpg\" alt=\"\" width=\"300\" height=\"200\"><\/a><a href=\"https:\/\/wpserwis.cfolks.pl\/r2\/wp-content\/uploads\/2024\/05\/IMG_8480-2-scaled.jpg\"><img loading=\"lazy\" decoding=\"async\" class=\"alignnone wp-image-32704 size-medium\" src=\"https:\/\/wpserwis.cfolks.pl\/r2\/wp-content\/uploads\/2024\/05\/IMG_8480-2-225x300.jpg\" alt=\"\" width=\"225\" height=\"300\"><\/a><\/p>\n<p>&nbsp;<\/p>\n<p>&nbsp;<\/p>\n","protected":false},"excerpt":{"rendered":"<p>Otworzyli\u015bmy 146ty sezon sportowo-turystyczny Warszawskiego Towarzystwa Wio\u015blarskiego. W minion\u0105 sobot\u0119, kilka minut po godzinie 16:00, na terenie WTW przy ul. Wio\u015blarskiej 6 w Warszawie, odby\u0142a si\u0119 coroczna uroczysto\u015b\u0107 otwarcia sezonu naszego klubu. Pi\u0119kna pogoda od rana zach\u0119ca\u0142a \u017ceby do\u0142\u0105czy\u0107 do wsp\u00f3lnego celebrowania otwarcia kolejnego sezonu najstarszego Towarzystwa sportowego w Polsce. Ceremoni\u0119&nbsp;poprzedzi\u0142 kr\u00f3tki apel, podczas kt\u00f3rego [&hellip;]<\/p>\n","protected":false},"author":1,"featured_media":32691,"comment_status":"closed","ping_status":"closed","sticky":false,"template":"","format":"standard","meta":{"_acf_changed":false,"footnotes":""},"categories":[1],"tags":[],"class_list":["post-32682","post","type-post","status-publish","format-standard","has-post-thumbnail","hentry","category-bez-kategorii"],"acf":[],"_links":{"self":[{"href":"https:\/\/wpserwis.cfolks.pl\/r2\/wp-json\/wp\/v2\/posts\/32682","targetHints":{"allow":["GET"]}}],"collection":[{"href":"https:\/\/wpserwis.cfolks.pl\/r2\/wp-json\/wp\/v2\/posts"}],"about":[{"href":"https:\/\/wpserwis.cfolks.pl\/r2\/wp-json\/wp\/v2\/types\/post"}],"author":[{"embeddable":true,"href":"https:\/\/wpserwis.cfolks.pl\/r2\/wp-json\/wp\/v2\/users\/1"}],"replies":[{"embeddable":true,"href":"https:\/\/wpserwis.cfolks.pl\/r2\/wp-json\/wp\/v2\/comments?post=32682"}],"version-history":[{"count":0,"href":"https:\/\/wpserwis.cfolks.pl\/r2\/wp-json\/wp\/v2\/posts\/32682\/revisions"}],"wp:featuredmedia":[{"embeddable":true,"href":"https:\/\/wpserwis.cfolks.pl\/r2\/wp-json\/"}],"wp:attachment":[{"href":"https:\/\/wpserwis.cfolks.pl\/r2\/wp-json\/wp\/v2\/media?parent=32682"}],"wp:term":[{"taxonomy":"category","embeddable":true,"href":"https:\/\/wpserwis.cfolks.pl\/r2\/wp-json\/wp\/v2\/categories?post=32682"},{"taxonomy":"post_tag","embeddable":true,"href":"https:\/\/wpserwis.cfolks.pl\/r2\/wp-json\/wp\/v2\/tags?post=32682"}],"curies":[{"name":"wp","href":"https:\/\/api.w.org\/{rel}","templated":true}]}}