{"id":32707,"date":"2024-05-22T09:43:38","date_gmt":"2024-05-22T07:43:38","guid":{"rendered":"https:\/\/wtw.waw.pl\/?p=32707"},"modified":"2024-05-22T09:43:38","modified_gmt":"2024-05-22T07:43:38","slug":"nasi-mastersi-uczestniczyli-w-vogalonga-w-wenecji","status":"publish","type":"post","link":"https:\/\/wpserwis.cfolks.pl\/r2\/nasi-mastersi-uczestniczyli-w-vogalonga-w-wenecji\/","title":{"rendered":"NASI MASTERSI UCZESTNICZYLI W VOGALONGA W WENECJI"},"content":{"rendered":"<div class=\"xdj266r x11i5rnm xat24cr x1mh8g0r x1vvkbs x126k92a\">\n<div dir=\"auto\">Nasi wio\u015blarze z grupy amatorskiej na regatach Vogalonga w Wenecji&nbsp;<\/div>\n<\/div>\n<div class=\"x11i5rnm xat24cr x1mh8g0r x1vvkbs xtlvy1s x126k92a\">\n<div dir=\"auto\">&nbsp;<\/div>\n<div dir=\"auto\">W niedziel\u0119, 19.05.2024 r., dzi\u0119ki zaproszeniu Piotra Kaliszka (Federacja Przysta\u0144 Warszawa) grupa wio\u015blarska z WTW, wzie\u0142a udzia\u0142 w wenecja\u0144skiej Vogalonga.<\/div>\n<div dir=\"auto\">By\u0142a to wyj\u0105tkowa okazja do spotkania z wio\u015blarzami , kajakarzami oraz innymi u\u017cytkownikami wiose\u0142 z ca\u0142ego \u015bwiata oraz mo\u017cliwo\u015b\u0107 przep\u0142yni\u0119cia razem przez kana\u0142y Wenecji i okoliczne wyspy. Finalny dystans wynosi\u0142 a\u017c 47 km .<\/div>\n<div dir=\"auto\">&nbsp;<\/div>\n<\/div>\n<div class=\"x11i5rnm xat24cr x1mh8g0r x1vvkbs xtlvy1s x126k92a\">\n<div dir=\"auto\">Wra\u017cenia naszych wio\u015blarzy s\u0105 kr\u00f3tkie &#8211; by\u0142o cudownie! Wspania\u0142e do\u015bwiadczenie, przepi\u0119kne widoki i podziwianie Wenecji z poziomu wody.<\/div>\n<div dir=\"auto\">Warunki morskie. Du\u017ce fale, wi\u0119c by\u0142o kolejne wyzwanie sportowe&nbsp;.<\/div>\n<\/div>\n<div class=\"x11i5rnm xat24cr x1mh8g0r x1vvkbs xtlvy1s x126k92a\">\n<div dir=\"auto\">Zdj\u0119cia wygl\u0105daj\u0105 bajecznie.<\/div>\n<div dir=\"auto\">Gratulujemy inwencji i \u017cyczymy wszystkim tak pi\u0119knych widok\u00f3w na wodniackim szlaku.<\/div>\n<div dir=\"auto\">&nbsp;<\/div>\n<\/div>\n<div class=\"x11i5rnm xat24cr x1mh8g0r x1vvkbs xtlvy1s x126k92a\">\n<div dir=\"auto\"><span class=\"html-span xexx8yu x4uap5 x18d9i69 xkhd6sd x1hl2dhg x16tdsg8 x1vvkbs x3nfvp2 x1j61x8r x1fcty0u xdj266r xhhsvwb xat24cr xgzva0m xxymvpz xlup9mm x1kky2od\"><img loading=\"lazy\" decoding=\"async\" class=\"xz74otr\" src=\"https:\/\/static.xx.fbcdn.net\/images\/emoji.php\/v9\/t7d\/2\/16\/1f4f8.png\" alt=\"\ud83d\udcf8\" width=\"16\" height=\"16\"><\/span> Relacja i zdj\u0119cia: Agnieszka Cruz-Koniak<\/div>\n<\/div>\n<div dir=\"auto\">&nbsp;<\/div>\n<div dir=\"auto\">&nbsp;<\/div>\n<div dir=\"auto\"><a href=\"https:\/\/wpserwis.cfolks.pl\/r2\/wp-content\/uploads\/2024\/05\/441407393_18430931728016863_6464375696344571986_n.jpg\"><img loading=\"lazy\" decoding=\"async\" class=\"alignnone wp-image-32708 size-medium\" src=\"https:\/\/wpserwis.cfolks.pl\/r2\/wp-content\/uploads\/2024\/05\/441407393_18430931728016863_6464375696344571986_n-240x300.jpg\" alt=\"\" width=\"240\" height=\"300\"><\/a> <a href=\"https:\/\/wpserwis.cfolks.pl\/r2\/wp-content\/uploads\/2024\/05\/441519976_18430931758016863_2843822485547701885_n.jpg\"><img loading=\"lazy\" decoding=\"async\" class=\"alignnone wp-image-32709 size-medium\" src=\"https:\/\/wpserwis.cfolks.pl\/r2\/wp-content\/uploads\/2024\/05\/441519976_18430931758016863_2843822485547701885_n-240x300.jpg\" alt=\"\" width=\"240\" height=\"300\"><\/a> <a href=\"https:\/\/wpserwis.cfolks.pl\/r2\/wp-content\/uploads\/2024\/05\/441640878_18430931740016863_8865955184054067164_n.jpg\"><img loading=\"lazy\" decoding=\"async\" class=\"alignnone wp-image-32710 size-medium\" src=\"https:\/\/wpserwis.cfolks.pl\/r2\/wp-content\/uploads\/2024\/05\/441640878_18430931740016863_8865955184054067164_n-240x300.jpg\" alt=\"\" width=\"240\" height=\"300\"><\/a> <a href=\"https:\/\/wpserwis.cfolks.pl\/r2\/wp-content\/uploads\/2024\/05\/442484030_18430931749016863_5261724850710401988_n.jpg\"><img loading=\"lazy\" decoding=\"async\" class=\"alignnone wp-image-32711 size-medium\" src=\"https:\/\/wpserwis.cfolks.pl\/r2\/wp-content\/uploads\/2024\/05\/442484030_18430931749016863_5261724850710401988_n-240x300.jpg\" alt=\"\" width=\"240\" height=\"300\"><\/a> <a href=\"https:\/\/wpserwis.cfolks.pl\/r2\/wp-content\/uploads\/2024\/05\/442503180_18430931737016863_4729985239655513718_n.jpg\"><img loading=\"lazy\" decoding=\"async\" class=\"alignnone wp-image-32712 size-medium\" src=\"https:\/\/wpserwis.cfolks.pl\/r2\/wp-content\/uploads\/2024\/05\/442503180_18430931737016863_4729985239655513718_n-240x300.jpg\" alt=\"\" width=\"240\" height=\"300\"><\/a> <a href=\"https:\/\/wpserwis.cfolks.pl\/r2\/wp-content\/uploads\/2024\/05\/444155584_18430931767016863_3009206114688492800_n.jpg\"><img loading=\"lazy\" decoding=\"async\" class=\"alignnone wp-image-32713 size-medium\" src=\"https:\/\/wpserwis.cfolks.pl\/r2\/wp-content\/uploads\/2024\/05\/444155584_18430931767016863_3009206114688492800_n-240x300.jpg\" alt=\"\" width=\"240\" height=\"300\"><\/a><\/div>\n<div dir=\"auto\">&nbsp;<\/div>\n","protected":false},"excerpt":{"rendered":"<p>Nasi wio\u015blarze z grupy amatorskiej na regatach Vogalonga w Wenecji&nbsp; &nbsp; W niedziel\u0119, 19.05.2024 r., dzi\u0119ki zaproszeniu Piotra Kaliszka (Federacja Przysta\u0144 Warszawa) grupa wio\u015blarska z WTW, wzie\u0142a udzia\u0142 w wenecja\u0144skiej Vogalonga. By\u0142a to wyj\u0105tkowa okazja do spotkania z wio\u015blarzami , kajakarzami oraz innymi u\u017cytkownikami wiose\u0142 z ca\u0142ego \u015bwiata oraz mo\u017cliwo\u015b\u0107 przep\u0142yni\u0119cia razem przez kana\u0142y Wenecji [&hellip;]<\/p>\n","protected":false},"author":1,"featured_media":32714,"comment_status":"closed","ping_status":"closed","sticky":false,"template":"","format":"standard","meta":{"_acf_changed":false,"footnotes":""},"categories":[1],"tags":[],"class_list":["post-32707","post","type-post","status-publish","format-standard","has-post-thumbnail","hentry","category-bez-kategorii"],"acf":[],"_links":{"self":[{"href":"https:\/\/wpserwis.cfolks.pl\/r2\/wp-json\/wp\/v2\/posts\/32707","targetHints":{"allow":["GET"]}}],"collection":[{"href":"https:\/\/wpserwis.cfolks.pl\/r2\/wp-json\/wp\/v2\/posts"}],"about":[{"href":"https:\/\/wpserwis.cfolks.pl\/r2\/wp-json\/wp\/v2\/types\/post"}],"author":[{"embeddable":true,"href":"https:\/\/wpserwis.cfolks.pl\/r2\/wp-json\/wp\/v2\/users\/1"}],"replies":[{"embeddable":true,"href":"https:\/\/wpserwis.cfolks.pl\/r2\/wp-json\/wp\/v2\/comments?post=32707"}],"version-history":[{"count":0,"href":"https:\/\/wpserwis.cfolks.pl\/r2\/wp-json\/wp\/v2\/posts\/32707\/revisions"}],"wp:featuredmedia":[{"embeddable":true,"href":"https:\/\/wpserwis.cfolks.pl\/r2\/wp-json\/"}],"wp:attachment":[{"href":"https:\/\/wpserwis.cfolks.pl\/r2\/wp-json\/wp\/v2\/media?parent=32707"}],"wp:term":[{"taxonomy":"category","embeddable":true,"href":"https:\/\/wpserwis.cfolks.pl\/r2\/wp-json\/wp\/v2\/categories?post=32707"},{"taxonomy":"post_tag","embeddable":true,"href":"https:\/\/wpserwis.cfolks.pl\/r2\/wp-json\/wp\/v2\/tags?post=32707"}],"curies":[{"name":"wp","href":"https:\/\/api.w.org\/{rel}","templated":true}]}}