{"id":32716,"date":"2024-05-22T09:50:48","date_gmt":"2024-05-22T07:50:48","guid":{"rendered":"https:\/\/wtw.waw.pl\/?p=32716"},"modified":"2024-05-22T09:50:48","modified_gmt":"2024-05-22T07:50:48","slug":"piotr-plominski-z-kolejna-ostatnia-szansa-na-kwalifikacje-do-igrzysk-w-paryzu-2","status":"publish","type":"post","link":"https:\/\/wpserwis.cfolks.pl\/r2\/piotr-plominski-z-kolejna-ostatnia-szansa-na-kwalifikacje-do-igrzysk-w-paryzu-2\/","title":{"rendered":"PIOTR P\u0141OMI\u0143SKI BEZ KWALIFIKACJI DO IGRZYSK W PARY\u017bU"},"content":{"rendered":"<p><span data-orginal-font-size=\"17.28\" data-orginal-line-height=\"20.8833\" data-orginal-letter-spacing=\"0\">Niestety Piotr P\u0142omi\u0144ski nie uzyska\u0142 kwalifikacji do Igrzysk Olmipijskich w Pary\u017cu. W miniony weekend, w Lucernie (Szwajcaria) odby\u0142y si\u0119 regaty ostatniej szansy (#lastchanceregatta). O 3 ostatnie miejsca, walczy\u0142o przesz\u0142o 30 jedynkarzy, w tym Piotrek.<\/span><\/p>\n<p><span data-orginal-font-size=\"17.28\" data-orginal-line-height=\"20.8833\" data-orginal-letter-spacing=\"0\">Piotr dosy\u0107 pewnie awansowa\u0142 najpierw do \u0107wier\u0107fina\u0142u, a nast\u0119pnie do p\u00f3\u0142fina\u0142u. Niestety w sporcie wa\u017cne jest r\u00f3wnie\u017c troch\u0119 szcz\u0119\u015bcia, a tego minimalnie zabrak\u0142o. W p\u00f3\u0142finale Piotr by\u0142 czwarty (kwalifikowa\u0142o si\u0119 pierwszych trzech skiffist\u00f3w). Je\u017celi m\u00f3wimy o szcz\u0119\u015bciu, to gdyby Piotr p\u0142yn\u0105\u0142 w drugim p\u00f3\u0142finale &#8211; ze swoim czasem by\u0142by trzeci. Gdyby &#8230;.<\/span><\/p>\n<p><span data-orginal-font-size=\"17.28\" data-orginal-line-height=\"20.8833\" data-orginal-letter-spacing=\"0\">W finale B, P\u0142omi\u0144ski walczy\u0142 do ko\u0144ca i zaj\u0105\u0142 drugie miejsce &#8211; ostatecznie \u00f3sme. Brawa za walk\u0119, za emocje, za danie z siebie wszystkiego.<br \/>\n<\/span><\/p>\n<p>Igrzyska co prawda za cztery lata (Los Angeles), ale sezon si\u0119 nie ko\u0144czy.<\/p>\n<p>Dlatego uszy do g\u00f3ry i robimy swoje Piotr !<\/p>\n<p>&nbsp;<\/p>\n<p>fot. Julia Kowacic<\/p>\n<p>&nbsp;<\/p>\n<p>&nbsp;<\/p>\n<p>.<\/p>\n<p>&nbsp;<\/p>\n<p>&nbsp;<\/p>\n<p>&nbsp;<\/p>\n<p>.<\/p>\n<p><span data-orginal-font-size=\"17.28\" data-orginal-line-height=\"20.8833\" data-orginal-letter-spacing=\"0\">&nbsp;<\/span><\/p>\n","protected":false},"excerpt":{"rendered":"<p>Niestety Piotr P\u0142omi\u0144ski nie uzyska\u0142 kwalifikacji do Igrzysk Olmipijskich w Pary\u017cu. W miniony weekend, w Lucernie (Szwajcaria) odby\u0142y si\u0119 regaty ostatniej szansy (#lastchanceregatta). O 3 ostatnie miejsca, walczy\u0142o przesz\u0142o 30 jedynkarzy, w tym Piotrek. Piotr dosy\u0107 pewnie awansowa\u0142 najpierw do \u0107wier\u0107fina\u0142u, a nast\u0119pnie do p\u00f3\u0142fina\u0142u. Niestety w sporcie wa\u017cne jest r\u00f3wnie\u017c troch\u0119 szcz\u0119\u015bcia, a tego [&hellip;]<\/p>\n","protected":false},"author":1,"featured_media":32717,"comment_status":"closed","ping_status":"closed","sticky":false,"template":"","format":"standard","meta":{"_acf_changed":false,"footnotes":""},"categories":[1],"tags":[],"class_list":["post-32716","post","type-post","status-publish","format-standard","has-post-thumbnail","hentry","category-bez-kategorii"],"acf":[],"_links":{"self":[{"href":"https:\/\/wpserwis.cfolks.pl\/r2\/wp-json\/wp\/v2\/posts\/32716","targetHints":{"allow":["GET"]}}],"collection":[{"href":"https:\/\/wpserwis.cfolks.pl\/r2\/wp-json\/wp\/v2\/posts"}],"about":[{"href":"https:\/\/wpserwis.cfolks.pl\/r2\/wp-json\/wp\/v2\/types\/post"}],"author":[{"embeddable":true,"href":"https:\/\/wpserwis.cfolks.pl\/r2\/wp-json\/wp\/v2\/users\/1"}],"replies":[{"embeddable":true,"href":"https:\/\/wpserwis.cfolks.pl\/r2\/wp-json\/wp\/v2\/comments?post=32716"}],"version-history":[{"count":0,"href":"https:\/\/wpserwis.cfolks.pl\/r2\/wp-json\/wp\/v2\/posts\/32716\/revisions"}],"wp:featuredmedia":[{"embeddable":true,"href":"https:\/\/wpserwis.cfolks.pl\/r2\/wp-json\/"}],"wp:attachment":[{"href":"https:\/\/wpserwis.cfolks.pl\/r2\/wp-json\/wp\/v2\/media?parent=32716"}],"wp:term":[{"taxonomy":"category","embeddable":true,"href":"https:\/\/wpserwis.cfolks.pl\/r2\/wp-json\/wp\/v2\/categories?post=32716"},{"taxonomy":"post_tag","embeddable":true,"href":"https:\/\/wpserwis.cfolks.pl\/r2\/wp-json\/wp\/v2\/tags?post=32716"}],"curies":[{"name":"wp","href":"https:\/\/api.w.org\/{rel}","templated":true}]}}