{"id":32754,"date":"2024-06-01T09:18:40","date_gmt":"2024-06-01T07:18:40","guid":{"rendered":"https:\/\/wtw.waw.pl\/?p=32754"},"modified":"2024-06-01T09:18:40","modified_gmt":"2024-06-01T07:18:40","slug":"zeglarskie-regaty-o-puchar-warszawy","status":"publish","type":"post","link":"https:\/\/wpserwis.cfolks.pl\/r2\/zeglarskie-regaty-o-puchar-warszawy\/","title":{"rendered":"\u017bEGLARSKIE REGATY O PUCHAR WARSZAWY"},"content":{"rendered":"<div class=\"html-div xe8uvvx xdj266r x11i5rnm xat24cr x1mh8g0r xexx8yu x4uap5 x18d9i69 xkhd6sd\" dir=\"auto\">\n<div id=\":r5m:\" class=\"x1iorvi4 x1pi30zi x1l90r2v x1swvt13\" data-ad-comet-preview=\"message\" data-ad-preview=\"message\">\n<div class=\"x78zum5 xdt5ytf xz62fqu x16ldp7u\">\n<div class=\"xu06os2 x1ok221b\">\n<div class=\"x11i5rnm xat24cr x1mh8g0r x1vvkbs xtlvy1s x126k92a\">\n<div dir=\"auto\">Ostani pi\u0105tek, sobota i niedziela to czas intensywnych zmaga\u0144 \u017ceglarzy nad zalewem podczas regat Pucharu Warszawy .<\/div>\n<div dir=\"auto\">&nbsp;<\/div>\n<div dir=\"auto\">Wiatr jak zwykle nie rozpieszcza\u0142 wi\u0119c nie uda\u0142o si\u0119 rozegra\u0107 wszystkich zaplanowanych wy\u015bcig\u00f3w a zawodnicy sp\u0119dzili wiele godzin czekaj\u0105c na wy\u015bcigi.<\/div>\n<div dir=\"auto\">&nbsp;<\/div>\n<div dir=\"auto\">Nie przeszkodzi\u0142o to Kajetanowi, kt\u00f3ry finalnie zaj\u0105\u0142 3 miejsce w grupie A.<\/div>\n<\/div>\n<div class=\"x11i5rnm xat24cr x1mh8g0r x1vvkbs xtlvy1s x126k92a\">\n<div dir=\"auto\">&nbsp;<\/div>\n<div dir=\"auto\">Brawo Kajetan i brawo trener Maciek Lato.<\/div>\n<div dir=\"auto\">&nbsp;<\/div>\n<\/div>\n<div dir=\"auto\"><a href=\"https:\/\/wpserwis.cfolks.pl\/r2\/wp-content\/uploads\/2024\/06\/441410826_18432370651016863_8540468490116492216_n.jpg\"><img loading=\"lazy\" decoding=\"async\" class=\"alignnone wp-image-32755 size-medium\" src=\"https:\/\/wpserwis.cfolks.pl\/r2\/wp-content\/uploads\/2024\/06\/441410826_18432370651016863_8540468490116492216_n-240x300.jpg\" alt=\"\" width=\"240\" height=\"300\"><\/a> <a href=\"https:\/\/wpserwis.cfolks.pl\/r2\/wp-content\/uploads\/2024\/06\/442464252_18432370633016863_3725182439124174930_n.jpg\"><img loading=\"lazy\" decoding=\"async\" class=\"alignnone wp-image-32756 size-medium\" src=\"https:\/\/wpserwis.cfolks.pl\/r2\/wp-content\/uploads\/2024\/06\/442464252_18432370633016863_3725182439124174930_n-240x300.jpg\" alt=\"\" width=\"240\" height=\"300\"><\/a> <a href=\"https:\/\/wpserwis.cfolks.pl\/r2\/wp-content\/uploads\/2024\/06\/442483737_18432370642016863_5182934265700760168_n.jpg\"><img loading=\"lazy\" decoding=\"async\" class=\"alignnone wp-image-32757 size-medium\" src=\"https:\/\/wpserwis.cfolks.pl\/r2\/wp-content\/uploads\/2024\/06\/442483737_18432370642016863_5182934265700760168_n-240x300.jpg\" alt=\"\" width=\"240\" height=\"300\"><\/a><\/div>\n<\/div>\n<\/div>\n<\/div>\n<\/div>\n","protected":false},"excerpt":{"rendered":"<p>Ostani pi\u0105tek, sobota i niedziela to czas intensywnych zmaga\u0144 \u017ceglarzy nad zalewem podczas regat Pucharu Warszawy . &nbsp; Wiatr jak zwykle nie rozpieszcza\u0142 wi\u0119c nie uda\u0142o si\u0119 rozegra\u0107 wszystkich zaplanowanych wy\u015bcig\u00f3w a zawodnicy sp\u0119dzili wiele godzin czekaj\u0105c na wy\u015bcigi. &nbsp; Nie przeszkodzi\u0142o to Kajetanowi, kt\u00f3ry finalnie zaj\u0105\u0142 3 miejsce w grupie A. &nbsp; Brawo Kajetan [&hellip;]<\/p>\n","protected":false},"author":1,"featured_media":32759,"comment_status":"closed","ping_status":"closed","sticky":false,"template":"","format":"standard","meta":{"_acf_changed":false,"footnotes":""},"categories":[1],"tags":[],"class_list":["post-32754","post","type-post","status-publish","format-standard","has-post-thumbnail","hentry","category-bez-kategorii"],"acf":[],"_links":{"self":[{"href":"https:\/\/wpserwis.cfolks.pl\/r2\/wp-json\/wp\/v2\/posts\/32754","targetHints":{"allow":["GET"]}}],"collection":[{"href":"https:\/\/wpserwis.cfolks.pl\/r2\/wp-json\/wp\/v2\/posts"}],"about":[{"href":"https:\/\/wpserwis.cfolks.pl\/r2\/wp-json\/wp\/v2\/types\/post"}],"author":[{"embeddable":true,"href":"https:\/\/wpserwis.cfolks.pl\/r2\/wp-json\/wp\/v2\/users\/1"}],"replies":[{"embeddable":true,"href":"https:\/\/wpserwis.cfolks.pl\/r2\/wp-json\/wp\/v2\/comments?post=32754"}],"version-history":[{"count":0,"href":"https:\/\/wpserwis.cfolks.pl\/r2\/wp-json\/wp\/v2\/posts\/32754\/revisions"}],"wp:featuredmedia":[{"embeddable":true,"href":"https:\/\/wpserwis.cfolks.pl\/r2\/wp-json\/"}],"wp:attachment":[{"href":"https:\/\/wpserwis.cfolks.pl\/r2\/wp-json\/wp\/v2\/media?parent=32754"}],"wp:term":[{"taxonomy":"category","embeddable":true,"href":"https:\/\/wpserwis.cfolks.pl\/r2\/wp-json\/wp\/v2\/categories?post=32754"},{"taxonomy":"post_tag","embeddable":true,"href":"https:\/\/wpserwis.cfolks.pl\/r2\/wp-json\/wp\/v2\/tags?post=32754"}],"curies":[{"name":"wp","href":"https:\/\/api.w.org\/{rel}","templated":true}]}}