{"id":32764,"date":"2024-06-03T14:21:50","date_gmt":"2024-06-03T12:21:50","guid":{"rendered":"https:\/\/wtw.waw.pl\/?p=32764"},"modified":"2024-06-03T14:21:50","modified_gmt":"2024-06-03T12:21:50","slug":"aktywny-senior-na-bemowie-16-06-bedziemy-tam-i-my","status":"publish","type":"post","link":"https:\/\/wpserwis.cfolks.pl\/r2\/aktywny-senior-na-bemowie-16-06-bedziemy-tam-i-my\/","title":{"rendered":"AKTYWNY SENIOR NA BEMOWIE -16.06 &#8211; B\u0118DZIEMY TAM i MY"},"content":{"rendered":"<p>Ju\u017c 16.06 odb\u0119dzie si\u0119 kolejna ods\u0142ona imprezy organizowanej przez Urz\u0105d dzielnicy Bemowo m.st. Warszawy, pn.: Aktywny Senior na Bemowie.<\/p>\n<p>Tak jak przed rokiem, zostali\u015bmy zaproszeni przez Wydzia\u0142 Sportu dzielnicy Bemowo do zorganizowania zawod\u00f3w na ergometrach wio\u015blarskich dla grupy senior\u00f3w.<\/p>\n<p>Wszystkich zapraszamy do wsp\u00f3lnego kibicowania, b\u0119dzie r\u00f3wnie\u017c mo\u017cliwo\u015b\u0107 potrenowania niezale\u017cnie od zawod\u00f3w.<\/p>\n<p>Widzimy si\u0119 16 czerwca w OSiR Bemowo.<\/p>\n<p>&nbsp;<\/p>\n<p>&nbsp;<\/p>\n<p>.<\/p>\n","protected":false},"excerpt":{"rendered":"<p>Ju\u017c 16.06 odb\u0119dzie si\u0119 kolejna ods\u0142ona imprezy organizowanej przez Urz\u0105d dzielnicy Bemowo m.st. Warszawy, pn.: Aktywny Senior na Bemowie. Tak jak przed rokiem, zostali\u015bmy zaproszeni przez Wydzia\u0142 Sportu dzielnicy Bemowo do zorganizowania zawod\u00f3w na ergometrach wio\u015blarskich dla grupy senior\u00f3w. Wszystkich zapraszamy do wsp\u00f3lnego kibicowania, b\u0119dzie r\u00f3wnie\u017c mo\u017cliwo\u015b\u0107 potrenowania niezale\u017cnie od zawod\u00f3w. Widzimy si\u0119 16 czerwca [&hellip;]<\/p>\n","protected":false},"author":1,"featured_media":32765,"comment_status":"closed","ping_status":"closed","sticky":false,"template":"","format":"standard","meta":{"_acf_changed":false,"footnotes":""},"categories":[1],"tags":[],"class_list":["post-32764","post","type-post","status-publish","format-standard","has-post-thumbnail","hentry","category-bez-kategorii"],"acf":[],"_links":{"self":[{"href":"https:\/\/wpserwis.cfolks.pl\/r2\/wp-json\/wp\/v2\/posts\/32764","targetHints":{"allow":["GET"]}}],"collection":[{"href":"https:\/\/wpserwis.cfolks.pl\/r2\/wp-json\/wp\/v2\/posts"}],"about":[{"href":"https:\/\/wpserwis.cfolks.pl\/r2\/wp-json\/wp\/v2\/types\/post"}],"author":[{"embeddable":true,"href":"https:\/\/wpserwis.cfolks.pl\/r2\/wp-json\/wp\/v2\/users\/1"}],"replies":[{"embeddable":true,"href":"https:\/\/wpserwis.cfolks.pl\/r2\/wp-json\/wp\/v2\/comments?post=32764"}],"version-history":[{"count":0,"href":"https:\/\/wpserwis.cfolks.pl\/r2\/wp-json\/wp\/v2\/posts\/32764\/revisions"}],"wp:featuredmedia":[{"embeddable":true,"href":"https:\/\/wpserwis.cfolks.pl\/r2\/wp-json\/"}],"wp:attachment":[{"href":"https:\/\/wpserwis.cfolks.pl\/r2\/wp-json\/wp\/v2\/media?parent=32764"}],"wp:term":[{"taxonomy":"category","embeddable":true,"href":"https:\/\/wpserwis.cfolks.pl\/r2\/wp-json\/wp\/v2\/categories?post=32764"},{"taxonomy":"post_tag","embeddable":true,"href":"https:\/\/wpserwis.cfolks.pl\/r2\/wp-json\/wp\/v2\/tags?post=32764"}],"curies":[{"name":"wp","href":"https:\/\/api.w.org\/{rel}","templated":true}]}}