{"id":32770,"date":"2024-06-05T13:14:10","date_gmt":"2024-06-05T11:14:10","guid":{"rendered":"https:\/\/wtw.waw.pl\/?p=32770"},"modified":"2024-06-05T13:14:10","modified_gmt":"2024-06-05T11:14:10","slug":"zloto-i-srebro-konrada-domanskiego-w-ratzeburgu","status":"publish","type":"post","link":"https:\/\/wpserwis.cfolks.pl\/r2\/zloto-i-srebro-konrada-domanskiego-w-ratzeburgu\/","title":{"rendered":"Z\u0141OTO I SREBRO KONRADA DOMA\u0143SKIEGO W RATZEBURGU"},"content":{"rendered":"<div class=\"xdj266r x11i5rnm xat24cr x1mh8g0r x1vvkbs x126k92a\">\n<div dir=\"auto\">Nasz wychowanek Konrad Doma\u0144ski, niedawno wr\u00f3ci\u0142 z wio\u015blarskich regat mi\u0119dzynarodowych under23 w Ratzeburgu (Niemcy).<\/div>\n<div dir=\"auto\">Startowa\u0142 tam w kategorii M2x z Jakubem Wo\u017aniakiem (KTW Kalisz). Obaj Panowie to aktualni m\u0142odzie\u017cowi Wicemistrzowie \u015awiata z ubieg\u0142ego roku.<\/div>\n<div dir=\"auto\">&nbsp;<\/div>\n<div dir=\"auto\">Ch\u0142opaki spisali si\u0119 \u015bwietnie. Pierwszego dnia zwyci\u0119\u017cyli z czasem 6:53,61, a drugiego zaj\u0119li drugie miejsce 6:27,04.<\/div>\n<\/div>\n<div class=\"x11i5rnm xat24cr x1mh8g0r x1vvkbs xtlvy1s x126k92a\">\n<div dir=\"auto\">&nbsp;<\/div>\n<div dir=\"auto\">Serdecznie gratulujemy.<\/div>\n<\/div>\n<div dir=\"auto\">&nbsp;<\/div>\n<div dir=\"auto\">Kolejny przystanek to zgrupowanie senior\u00f3w w Wa\u0142czu, a nast\u0119pnie start w Pucharze \u015awiata w Poznaniu 15-16.06<\/div>\n<div dir=\"auto\">&nbsp;<\/div>\n<div dir=\"auto\">&nbsp;<\/div>\n<div dir=\"auto\">&nbsp;<\/div>\n<div dir=\"auto\">&nbsp;<\/div>\n<div dir=\"auto\">.<a href=\"https:\/\/wpserwis.cfolks.pl\/r2\/wp-content\/uploads\/2024\/06\/422633042_18433355926016863_5818187165104863563_n.jpg\"><img loading=\"lazy\" decoding=\"async\" class=\"alignnone wp-image-32771 size-medium\" src=\"https:\/\/wpserwis.cfolks.pl\/r2\/wp-content\/uploads\/2024\/06\/422633042_18433355926016863_5818187165104863563_n-240x300.jpg\" alt=\"\" width=\"240\" height=\"300\"><\/a> <a href=\"https:\/\/wpserwis.cfolks.pl\/r2\/wp-content\/uploads\/2024\/06\/441936495_18433355908016863_549672896845142936_n.jpg\"><img loading=\"lazy\" decoding=\"async\" class=\"alignnone wp-image-32772 size-medium\" src=\"https:\/\/wpserwis.cfolks.pl\/r2\/wp-content\/uploads\/2024\/06\/441936495_18433355908016863_549672896845142936_n-240x300.jpg\" alt=\"\" width=\"240\" height=\"300\"><\/a> <a href=\"https:\/\/wpserwis.cfolks.pl\/r2\/wp-content\/uploads\/2024\/06\/442483754_18433355917016863_3253794172373252602_n.jpg\"><img loading=\"lazy\" decoding=\"async\" class=\"alignnone wp-image-32773 size-medium\" src=\"https:\/\/wpserwis.cfolks.pl\/r2\/wp-content\/uploads\/2024\/06\/442483754_18433355917016863_3253794172373252602_n-240x300.jpg\" alt=\"\" width=\"240\" height=\"300\"><\/a><\/div>\n<div dir=\"auto\">&nbsp;<\/div>\n<div dir=\"auto\">&nbsp;<\/div>\n<div dir=\"auto\">.<\/div>\n<div dir=\"auto\">&nbsp;<\/div>\n","protected":false},"excerpt":{"rendered":"<p>Nasz wychowanek Konrad Doma\u0144ski, niedawno wr\u00f3ci\u0142 z wio\u015blarskich regat mi\u0119dzynarodowych under23 w Ratzeburgu (Niemcy). Startowa\u0142 tam w kategorii M2x z Jakubem Wo\u017aniakiem (KTW Kalisz). Obaj Panowie to aktualni m\u0142odzie\u017cowi Wicemistrzowie \u015awiata z ubieg\u0142ego roku. &nbsp; Ch\u0142opaki spisali si\u0119 \u015bwietnie. Pierwszego dnia zwyci\u0119\u017cyli z czasem 6:53,61, a drugiego zaj\u0119li drugie miejsce 6:27,04. &nbsp; Serdecznie gratulujemy. &nbsp; [&hellip;]<\/p>\n","protected":false},"author":1,"featured_media":32775,"comment_status":"closed","ping_status":"closed","sticky":false,"template":"","format":"standard","meta":{"_acf_changed":false,"footnotes":""},"categories":[1],"tags":[],"class_list":["post-32770","post","type-post","status-publish","format-standard","has-post-thumbnail","hentry","category-bez-kategorii"],"acf":[],"_links":{"self":[{"href":"https:\/\/wpserwis.cfolks.pl\/r2\/wp-json\/wp\/v2\/posts\/32770","targetHints":{"allow":["GET"]}}],"collection":[{"href":"https:\/\/wpserwis.cfolks.pl\/r2\/wp-json\/wp\/v2\/posts"}],"about":[{"href":"https:\/\/wpserwis.cfolks.pl\/r2\/wp-json\/wp\/v2\/types\/post"}],"author":[{"embeddable":true,"href":"https:\/\/wpserwis.cfolks.pl\/r2\/wp-json\/wp\/v2\/users\/1"}],"replies":[{"embeddable":true,"href":"https:\/\/wpserwis.cfolks.pl\/r2\/wp-json\/wp\/v2\/comments?post=32770"}],"version-history":[{"count":0,"href":"https:\/\/wpserwis.cfolks.pl\/r2\/wp-json\/wp\/v2\/posts\/32770\/revisions"}],"wp:featuredmedia":[{"embeddable":true,"href":"https:\/\/wpserwis.cfolks.pl\/r2\/wp-json\/"}],"wp:attachment":[{"href":"https:\/\/wpserwis.cfolks.pl\/r2\/wp-json\/wp\/v2\/media?parent=32770"}],"wp:term":[{"taxonomy":"category","embeddable":true,"href":"https:\/\/wpserwis.cfolks.pl\/r2\/wp-json\/wp\/v2\/categories?post=32770"},{"taxonomy":"post_tag","embeddable":true,"href":"https:\/\/wpserwis.cfolks.pl\/r2\/wp-json\/wp\/v2\/tags?post=32770"}],"curies":[{"name":"wp","href":"https:\/\/api.w.org\/{rel}","templated":true}]}}