{"id":32803,"date":"2024-06-12T14:34:02","date_gmt":"2024-06-12T12:34:02","guid":{"rendered":"https:\/\/wtw.waw.pl\/?p=32803"},"modified":"2024-06-12T14:34:02","modified_gmt":"2024-06-12T12:34:02","slug":"glosowanie-do-13-06-na-tytana-i-zawodnikow-wtw-w-plebiscycie-dzielnicy-wilanow","status":"publish","type":"post","link":"https:\/\/wpserwis.cfolks.pl\/r2\/glosowanie-do-13-06-na-tytana-i-zawodnikow-wtw-w-plebiscycie-dzielnicy-wilanow\/","title":{"rendered":"G\u0141OSOWANIE DO 13.06 NA TYTANA I ZAWODNIK\u00d3W WTW W PLEBISCYCIE DZIELNICY WILAN\u00d3W"},"content":{"rendered":"<div class=\"xdj266r x11i5rnm xat24cr x1mh8g0r x1vvkbs x126k92a\">\n<div dir=\"auto\">Ju\u017c tylko do jutra mo\u017cna g\u0142osowa\u0107 na Wio\u015blarskiego Tytana Warszawy, jako najlepsz\u0105 imprez\u0119 sportow\u0105 w Dzielnica Wilan\u00f3w w 2023r.<\/div>\n<\/div>\n<div class=\"x11i5rnm xat24cr x1mh8g0r x1vvkbs xtlvy1s x126k92a\">\n<div dir=\"auto\">W kategorii na najpopularniejszych sportowc\u00f3w s\u0105 nasi zawodnicy, m\u0142odzi kajakarze: rodze\u0144stwo Carmen i Wiktor Cruz-Koniak !<\/div>\n<\/div>\n<div class=\"x11i5rnm xat24cr x1mh8g0r x1vvkbs xtlvy1s x126k92a\">\n<div dir=\"auto\">&nbsp;<\/div>\n<div dir=\"auto\">Liczymy na Wasze g\u0142osy &#8211; mo\u017cna g\u0142osowa\u0107 wielokrotnie !<\/div>\n<\/div>\n<div dir=\"auto\">&nbsp;<\/div>\n<div dir=\"auto\">&nbsp;<\/div>\n<div dir=\"auto\"><span style=\"color: #0000ff;\"><strong><a style=\"color: #0000ff;\" href=\"https:\/\/docs.google.com\/forms\/d\/e\/1FAIpQLSdBLvJJ2g_fapcFpoDIruoqXrizX1cYGG8LMbAq4UE4hGL1_Q\/viewform\">KLIKNIJ \u017bEBY ODDA\u0106 G\u0141OS<\/a><\/strong><\/span><\/div>\n<div dir=\"auto\">&nbsp;<\/div>\n<div dir=\"auto\">&nbsp;<\/div>\n<div dir=\"auto\">&nbsp;<\/div>\n<div dir=\"auto\">&nbsp;<\/div>\n<div dir=\"auto\">&nbsp;<\/div>\n<div dir=\"auto\">&nbsp;<\/div>\n<div dir=\"auto\">.<\/div>\n","protected":false},"excerpt":{"rendered":"<p>Ju\u017c tylko do jutra mo\u017cna g\u0142osowa\u0107 na Wio\u015blarskiego Tytana Warszawy, jako najlepsz\u0105 imprez\u0119 sportow\u0105 w Dzielnica Wilan\u00f3w w 2023r. W kategorii na najpopularniejszych sportowc\u00f3w s\u0105 nasi zawodnicy, m\u0142odzi kajakarze: rodze\u0144stwo Carmen i Wiktor Cruz-Koniak ! &nbsp; Liczymy na Wasze g\u0142osy &#8211; mo\u017cna g\u0142osowa\u0107 wielokrotnie ! &nbsp; &nbsp; KLIKNIJ \u017bEBY ODDA\u0106 G\u0141OS &nbsp; &nbsp; &nbsp; &nbsp; [&hellip;]<\/p>\n","protected":false},"author":1,"featured_media":32804,"comment_status":"closed","ping_status":"closed","sticky":false,"template":"","format":"standard","meta":{"_acf_changed":false,"footnotes":""},"categories":[1],"tags":[],"class_list":["post-32803","post","type-post","status-publish","format-standard","has-post-thumbnail","hentry","category-bez-kategorii"],"acf":[],"_links":{"self":[{"href":"https:\/\/wpserwis.cfolks.pl\/r2\/wp-json\/wp\/v2\/posts\/32803","targetHints":{"allow":["GET"]}}],"collection":[{"href":"https:\/\/wpserwis.cfolks.pl\/r2\/wp-json\/wp\/v2\/posts"}],"about":[{"href":"https:\/\/wpserwis.cfolks.pl\/r2\/wp-json\/wp\/v2\/types\/post"}],"author":[{"embeddable":true,"href":"https:\/\/wpserwis.cfolks.pl\/r2\/wp-json\/wp\/v2\/users\/1"}],"replies":[{"embeddable":true,"href":"https:\/\/wpserwis.cfolks.pl\/r2\/wp-json\/wp\/v2\/comments?post=32803"}],"version-history":[{"count":0,"href":"https:\/\/wpserwis.cfolks.pl\/r2\/wp-json\/wp\/v2\/posts\/32803\/revisions"}],"wp:featuredmedia":[{"embeddable":true,"href":"https:\/\/wpserwis.cfolks.pl\/r2\/wp-json\/"}],"wp:attachment":[{"href":"https:\/\/wpserwis.cfolks.pl\/r2\/wp-json\/wp\/v2\/media?parent=32803"}],"wp:term":[{"taxonomy":"category","embeddable":true,"href":"https:\/\/wpserwis.cfolks.pl\/r2\/wp-json\/wp\/v2\/categories?post=32803"},{"taxonomy":"post_tag","embeddable":true,"href":"https:\/\/wpserwis.cfolks.pl\/r2\/wp-json\/wp\/v2\/tags?post=32803"}],"curies":[{"name":"wp","href":"https:\/\/api.w.org\/{rel}","templated":true}]}}