{"id":32854,"date":"2024-06-18T11:14:52","date_gmt":"2024-06-18T09:14:52","guid":{"rendered":"https:\/\/wtw.waw.pl\/?p=32854"},"modified":"2024-06-18T11:14:52","modified_gmt":"2024-06-18T09:14:52","slug":"puchar-swiata-plominski-czwarty-domanski-szosty","status":"publish","type":"post","link":"https:\/\/wpserwis.cfolks.pl\/r2\/puchar-swiata-plominski-czwarty-domanski-szosty\/","title":{"rendered":"PUCHAR \u015aWIATA &#8211; P\u0141OMI\u0143SKI CZWARTY, DOMA\u0143SKI SZ\u00d3STY"},"content":{"rendered":"<div class=\"xdj266r x11i5rnm xat24cr x1mh8g0r x1vvkbs x126k92a\">\n<div dir=\"auto\">Dw\u00f3ch naszych zawodnik\u00f3w wystartowa\u0142o w ostatniej w tym roku edycji zawod\u00f3w Pucharu \u015awiata i to na dobrze znanym im torze &#8211; Malta Pozna\u0144 . Posz\u0142o im naprawd\u0119 rewelacyjnie.<\/div>\n<\/div>\n<div class=\"x11i5rnm xat24cr x1mh8g0r x1vvkbs xtlvy1s x126k92a\">\n<div dir=\"auto\">&nbsp;<\/div>\n<div dir=\"auto\">Piotr P\u0142omi\u0144ski startuj\u0105cy w konkurencji M1x zaj\u0105\u0142 miejsce tu\u017c za podium. Przyp\u0142yna\u0142 z czasem (07:07.22) tu\u017c za bardziej do\u015bwiadczonymi jedynkarzami: Nowozelandczykiem, Chorwatem i Du\u0144czykiem.<\/div>\n<div dir=\"auto\">&nbsp;<\/div>\n<\/div>\n<div class=\"x11i5rnm xat24cr x1mh8g0r x1vvkbs xtlvy1s x126k92a\">\n<div dir=\"auto\"><span class=\"html-span xdj266r x11i5rnm xat24cr x1mh8g0r xexx8yu x4uap5 x18d9i69 xkhd6sd x1hl2dhg x16tdsg8 x1vvkbs\">Konrad Doma\u0144ski <\/span>wystartowa\u0142 w konkurencji M2x wraz z Jakubem Wo\u017aniakiem. M\u0142odzie\u017cowi Wicemistrzowie \u015awiata, p\u0142yn\u0119li bardzo odwa\u017cnie (500 m przed met\u0105 byli jeszcze na trzeciej pozycji), jednak\u017ce zako\u0144czyli rywalizacj\u0119 na 6 miejscu. Pokazali du\u017cy potencja\u0142 i serca do walki .<\/div>\n<div dir=\"auto\">&nbsp;<\/div>\n<\/div>\n<div class=\"x11i5rnm xat24cr x1mh8g0r x1vvkbs xtlvy1s x126k92a\">\n<div dir=\"auto\">Gratulujemy wynik\u00f3w i cieszymy si\u0119, \u017ce mamy Was na swoim pok\u0142adzie . Czekamy na dalsze wie\u015bci co dalej w sezonie .<\/div>\n<\/div>\n<div dir=\"auto\">&nbsp;<\/div>\n<div dir=\"auto\">fot. <span class=\"x193iq5w xeuugli x13faqbe x1vvkbs xlh3980 xvmahel x1n0sxbx x1lliihq x1s928wv xhkezso x1gmr53x x1cpjm7i x1fgarty x1943h6x xudqn12 x3x7a5m x6prxxf xvq8zen xo1l8bm xzsf02u x1yc453h\" dir=\"auto\">@juliakowacicfoto<\/span><\/div>\n<div dir=\"auto\">&nbsp;<\/div>\n<div dir=\"auto\"><a href=\"https:\/\/wpserwis.cfolks.pl\/r2\/wp-content\/uploads\/2024\/06\/448454116_18436028620016863_666993913851469329_n.jpg\"><img loading=\"lazy\" decoding=\"async\" class=\"alignnone size-large wp-image-32857\" src=\"https:\/\/wpserwis.cfolks.pl\/r2\/wp-content\/uploads\/2024\/06\/448454116_18436028620016863_666993913851469329_n-1024x740.jpg\" alt=\"\" width=\"1024\" height=\"740\"><\/a><\/div>\n","protected":false},"excerpt":{"rendered":"<p>Dw\u00f3ch naszych zawodnik\u00f3w wystartowa\u0142o w ostatniej w tym roku edycji zawod\u00f3w Pucharu \u015awiata i to na dobrze znanym im torze &#8211; Malta Pozna\u0144 . Posz\u0142o im naprawd\u0119 rewelacyjnie. &nbsp; Piotr P\u0142omi\u0144ski startuj\u0105cy w konkurencji M1x zaj\u0105\u0142 miejsce tu\u017c za podium. Przyp\u0142yna\u0142 z czasem (07:07.22) tu\u017c za bardziej do\u015bwiadczonymi jedynkarzami: Nowozelandczykiem, Chorwatem i Du\u0144czykiem. &nbsp; Konrad [&hellip;]<\/p>\n","protected":false},"author":1,"featured_media":32858,"comment_status":"closed","ping_status":"closed","sticky":false,"template":"","format":"standard","meta":{"_acf_changed":false,"footnotes":""},"categories":[1],"tags":[],"class_list":["post-32854","post","type-post","status-publish","format-standard","has-post-thumbnail","hentry","category-bez-kategorii"],"acf":[],"_links":{"self":[{"href":"https:\/\/wpserwis.cfolks.pl\/r2\/wp-json\/wp\/v2\/posts\/32854","targetHints":{"allow":["GET"]}}],"collection":[{"href":"https:\/\/wpserwis.cfolks.pl\/r2\/wp-json\/wp\/v2\/posts"}],"about":[{"href":"https:\/\/wpserwis.cfolks.pl\/r2\/wp-json\/wp\/v2\/types\/post"}],"author":[{"embeddable":true,"href":"https:\/\/wpserwis.cfolks.pl\/r2\/wp-json\/wp\/v2\/users\/1"}],"replies":[{"embeddable":true,"href":"https:\/\/wpserwis.cfolks.pl\/r2\/wp-json\/wp\/v2\/comments?post=32854"}],"version-history":[{"count":0,"href":"https:\/\/wpserwis.cfolks.pl\/r2\/wp-json\/wp\/v2\/posts\/32854\/revisions"}],"wp:featuredmedia":[{"embeddable":true,"href":"https:\/\/wpserwis.cfolks.pl\/r2\/wp-json\/"}],"wp:attachment":[{"href":"https:\/\/wpserwis.cfolks.pl\/r2\/wp-json\/wp\/v2\/media?parent=32854"}],"wp:term":[{"taxonomy":"category","embeddable":true,"href":"https:\/\/wpserwis.cfolks.pl\/r2\/wp-json\/wp\/v2\/categories?post=32854"},{"taxonomy":"post_tag","embeddable":true,"href":"https:\/\/wpserwis.cfolks.pl\/r2\/wp-json\/wp\/v2\/tags?post=32854"}],"curies":[{"name":"wp","href":"https:\/\/api.w.org\/{rel}","templated":true}]}}