{"id":32867,"date":"2024-06-19T08:39:17","date_gmt":"2024-06-19T06:39:17","guid":{"rendered":"https:\/\/wtw.waw.pl\/?p=32867"},"modified":"2024-06-19T08:39:17","modified_gmt":"2024-06-19T06:39:17","slug":"walne-zgromadzenie-wtw-wybralo-prezesa-i-ciala-statutowe-w-nowej-kadencji","status":"publish","type":"post","link":"https:\/\/wpserwis.cfolks.pl\/r2\/walne-zgromadzenie-wtw-wybralo-prezesa-i-ciala-statutowe-w-nowej-kadencji\/","title":{"rendered":"WALNE ZGROMADZENIE WTW WYBRA\u0141O PREZESA I CIA\u0141A STATUTOWE W NOWEJ KADENCJI"},"content":{"rendered":"<p>W dniu 17 czerwca na przystani WTW przy ul. Wio\u015blarskiej 6, odby\u0142o si\u0119 Walne Zebranie Sprawozdawczo &#8211; Wyborcze Cz\u0142onk\u00f3w Warszawskiego Towarzystwa Wio\u015blarskiego.<\/p>\n<p>Walne Zebranie wybra\u0142o w\u0142adze naszego Klubu w nowej kadencji 2024-2028.<\/p>\n<p>Decyzj\u0105 Cz\u0142onk\u00f3w Towarzystwa , na urz\u0105d Prezesa Zarz\u0105du WTW Warszawy wybrany zosta\u0142 Druh Bogus\u0142aw Siennicki.<\/p>\n<p>Cz\u0142onkami Zarz\u0105du zostali: Druh Jaros\u0142aw Wolski, Druhna Joanna Dorociak, Druh Micha\u0142 Starczewski, Druh Marcin Brzezi\u0144ski.<\/p>\n<p>Komisja Rewizyjna: Druh Micha\u0142 Olszewski, Druh Rafa\u0142 Sisicki, Druh Adam Dobczy\u0144ski, Druh Piotr Modrzejewski, Druh Tadeusz Isbrandt, Druh Marcin Wolny (zast\u0119pca cz\u0142onka), Druh Tomasz Kowalski (zast\u0119pca cz\u0142onka).<\/p>\n<p>Komisja Etyki i Spraw Cz\u0142onkowskich: Druhna Maria Wolska, Druh S\u0142awomir Smoli\u0144ski, Druhna Sylwia Kocerka, Druh Dominik Brodziak.<\/p>\n<p>&nbsp;<\/p>\n<p>Wszystkim wybranym serdecznie gratulujemy i \u017cyczymy owocnej pracy na rzecz naszego Towarzystwa.<\/p>\n<p>&nbsp;<\/p>\n<p>&nbsp;<\/p>\n<p>.<\/p>\n<p>&nbsp;<\/p>\n<p>&nbsp;<\/p>\n","protected":false},"excerpt":{"rendered":"<p>W dniu 17 czerwca na przystani WTW przy ul. Wio\u015blarskiej 6, odby\u0142o si\u0119 Walne Zebranie Sprawozdawczo &#8211; Wyborcze Cz\u0142onk\u00f3w Warszawskiego Towarzystwa Wio\u015blarskiego. Walne Zebranie wybra\u0142o w\u0142adze naszego Klubu w nowej kadencji 2024-2028. Decyzj\u0105 Cz\u0142onk\u00f3w Towarzystwa , na urz\u0105d Prezesa Zarz\u0105du WTW Warszawy wybrany zosta\u0142 Druh Bogus\u0142aw Siennicki. Cz\u0142onkami Zarz\u0105du zostali: Druh Jaros\u0142aw Wolski, Druhna Joanna [&hellip;]<\/p>\n","protected":false},"author":1,"featured_media":32869,"comment_status":"closed","ping_status":"closed","sticky":false,"template":"","format":"standard","meta":{"_acf_changed":false,"footnotes":""},"categories":[1],"tags":[],"class_list":["post-32867","post","type-post","status-publish","format-standard","has-post-thumbnail","hentry","category-bez-kategorii"],"acf":[],"_links":{"self":[{"href":"https:\/\/wpserwis.cfolks.pl\/r2\/wp-json\/wp\/v2\/posts\/32867","targetHints":{"allow":["GET"]}}],"collection":[{"href":"https:\/\/wpserwis.cfolks.pl\/r2\/wp-json\/wp\/v2\/posts"}],"about":[{"href":"https:\/\/wpserwis.cfolks.pl\/r2\/wp-json\/wp\/v2\/types\/post"}],"author":[{"embeddable":true,"href":"https:\/\/wpserwis.cfolks.pl\/r2\/wp-json\/wp\/v2\/users\/1"}],"replies":[{"embeddable":true,"href":"https:\/\/wpserwis.cfolks.pl\/r2\/wp-json\/wp\/v2\/comments?post=32867"}],"version-history":[{"count":0,"href":"https:\/\/wpserwis.cfolks.pl\/r2\/wp-json\/wp\/v2\/posts\/32867\/revisions"}],"wp:featuredmedia":[{"embeddable":true,"href":"https:\/\/wpserwis.cfolks.pl\/r2\/wp-json\/"}],"wp:attachment":[{"href":"https:\/\/wpserwis.cfolks.pl\/r2\/wp-json\/wp\/v2\/media?parent=32867"}],"wp:term":[{"taxonomy":"category","embeddable":true,"href":"https:\/\/wpserwis.cfolks.pl\/r2\/wp-json\/wp\/v2\/categories?post=32867"},{"taxonomy":"post_tag","embeddable":true,"href":"https:\/\/wpserwis.cfolks.pl\/r2\/wp-json\/wp\/v2\/tags?post=32867"}],"curies":[{"name":"wp","href":"https:\/\/api.w.org\/{rel}","templated":true}]}}