{"id":32893,"date":"2024-06-25T09:06:44","date_gmt":"2024-06-25T07:06:44","guid":{"rendered":"https:\/\/wtw.waw.pl\/?p=32893"},"modified":"2024-06-25T09:06:44","modified_gmt":"2024-06-25T07:06:44","slug":"mularczyk-rzadzi-w-warszawie-worek-medali-kajakarzy","status":"publish","type":"post","link":"https:\/\/wpserwis.cfolks.pl\/r2\/mularczyk-rzadzi-w-warszawie-worek-medali-kajakarzy\/","title":{"rendered":"MULARCZYK RZ\u0104DZI W WARSZAWIE, WOREK MEDALI KAJAKARZY"},"content":{"rendered":"<div class=\"xdj266r x11i5rnm xat24cr x1mh8g0r x1vvkbs x126k92a\">\n<div dir=\"auto\">W miniony weekend na Kanale \u017bera\u0144skim odby\u0142y si\u0119 Mistrzostwa Warszawy w kajakarstwie . Nasi zawodnicy, podpieczni trener\u00f3w Andrzeja Dryla i Wojtka Bukowskiego, spisali si\u0119 doskonale. Oto wyniki:<\/div>\n<\/div>\n<div class=\"x11i5rnm xat24cr x1mh8g0r x1vvkbs xtlvy1s x126k92a\">\n<div dir=\"auto\">&nbsp;<\/div>\n<div dir=\"auto\"><strong>200 m kategoria dzieci<\/strong><\/div>\n<\/div>\n<div class=\"x11i5rnm xat24cr x1mh8g0r x1vvkbs xtlvy1s x126k92a\">\n<div dir=\"auto\">Wiktor Cruz-Koniak <span class=\"html-span xexx8yu x4uap5 x18d9i69 xkhd6sd x1hl2dhg x16tdsg8 x1vvkbs x3nfvp2 x1j61x8r x1fcty0u xdj266r xat24cr xgzva0m xhhsvwb xxymvpz xlup9mm x1kky2od\">&#8211; z\u0142oto<\/span><\/div>\n<div dir=\"auto\">Carmen Cruz-Koniak &#8211; srebro<\/div>\n<div dir=\"auto\">Maksim Yudzenka <span class=\"html-span xexx8yu x4uap5 x18d9i69 xkhd6sd x1hl2dhg x16tdsg8 x1vvkbs x3nfvp2 x1j61x8r x1fcty0u xdj266r xat24cr xgzva0m xhhsvwb xxymvpz xlup9mm x1kky2od\">&#8211; srebro<\/span><\/div>\n<div dir=\"auto\">Iwan Sergijczuk &#8211; br\u0105z<\/div>\n<div dir=\"auto\">Jan Czy\u017cewicz 4 miejsce<\/div>\n<\/div>\n<div class=\"x11i5rnm xat24cr x1mh8g0r x1vvkbs xtlvy1s x126k92a\">\n<div dir=\"auto\">&nbsp;<\/div>\n<div dir=\"auto\"><strong>kategoria junior<\/strong><\/div>\n<\/div>\n<div class=\"x11i5rnm xat24cr x1mh8g0r x1vvkbs xtlvy1s x126k92a\">\n<div dir=\"auto\">Franciszek Mularczyk nieprzerwanie jest najlepszy w Warszawie. W ten weekend <span class=\"html-span xexx8yu x4uap5 x18d9i69 xkhd6sd x1hl2dhg x16tdsg8 x1vvkbs x3nfvp2 x1j61x8r x1fcty0u xdj266r xat24cr xgzva0m xhhsvwb xxymvpz xlup9mm x1kky2od\">zdoby\u0142 z\u0142ote medale na dystansach:<\/span> 500m\/1000m\/5000m<\/div>\n<\/div>\n<div class=\"x11i5rnm xat24cr x1mh8g0r x1vvkbs xtlvy1s x126k92a\">\n<div dir=\"auto\">&nbsp;<\/div>\n<div dir=\"auto\">Gratulujemy naszym zawodnikom jak i trenerom&nbsp;. Idziecie jak burza w tym sezonie . Teraz 3 tygodniowy ob\u00f3z w Maruzie.<\/div>\n<\/div>\n<div dir=\"auto\">&nbsp;<\/div>\n<div dir=\"auto\">&nbsp;<\/div>\n<div dir=\"auto\"><a href=\"https:\/\/wpserwis.cfolks.pl\/r2\/wp-content\/uploads\/2024\/06\/448681100_18437386870016863_8286176724588848289_n.jpg\"><img loading=\"lazy\" decoding=\"async\" class=\"alignnone wp-image-32894 size-medium\" src=\"https:\/\/wpserwis.cfolks.pl\/r2\/wp-content\/uploads\/2024\/06\/448681100_18437386870016863_8286176724588848289_n-240x300.jpg\" alt=\"\" width=\"240\" height=\"300\"><\/a> <a href=\"https:\/\/wpserwis.cfolks.pl\/r2\/wp-content\/uploads\/2024\/06\/448752719_18437386861016863_5641250386190022138_n.jpg\"><img loading=\"lazy\" decoding=\"async\" class=\"alignnone wp-image-32895 size-medium\" src=\"https:\/\/wpserwis.cfolks.pl\/r2\/wp-content\/uploads\/2024\/06\/448752719_18437386861016863_5641250386190022138_n-240x300.jpg\" alt=\"\" width=\"240\" height=\"300\"><\/a> <a href=\"https:\/\/wpserwis.cfolks.pl\/r2\/wp-content\/uploads\/2024\/06\/448960022_18437386921016863_8702998467083121812_n.jpg\"><img loading=\"lazy\" decoding=\"async\" class=\"alignnone wp-image-32896 size-medium\" src=\"https:\/\/wpserwis.cfolks.pl\/r2\/wp-content\/uploads\/2024\/06\/448960022_18437386921016863_8702998467083121812_n-240x300.jpg\" alt=\"\" width=\"240\" height=\"300\"><\/a> <a href=\"https:\/\/wpserwis.cfolks.pl\/r2\/wp-content\/uploads\/2024\/06\/448987665_18437386852016863_1584957257630536368_n.jpg\"><img loading=\"lazy\" decoding=\"async\" class=\"alignnone wp-image-32897 size-medium\" src=\"https:\/\/wpserwis.cfolks.pl\/r2\/wp-content\/uploads\/2024\/06\/448987665_18437386852016863_1584957257630536368_n-240x300.jpg\" alt=\"\" width=\"240\" height=\"300\"><\/a><\/div>\n","protected":false},"excerpt":{"rendered":"<p>W miniony weekend na Kanale \u017bera\u0144skim odby\u0142y si\u0119 Mistrzostwa Warszawy w kajakarstwie . Nasi zawodnicy, podpieczni trener\u00f3w Andrzeja Dryla i Wojtka Bukowskiego, spisali si\u0119 doskonale. Oto wyniki: &nbsp; 200 m kategoria dzieci Wiktor Cruz-Koniak &#8211; z\u0142oto Carmen Cruz-Koniak &#8211; srebro Maksim Yudzenka &#8211; srebro Iwan Sergijczuk &#8211; br\u0105z Jan Czy\u017cewicz 4 miejsce &nbsp; kategoria junior [&hellip;]<\/p>\n","protected":false},"author":1,"featured_media":32898,"comment_status":"closed","ping_status":"closed","sticky":false,"template":"","format":"standard","meta":{"_acf_changed":false,"footnotes":""},"categories":[1],"tags":[],"class_list":["post-32893","post","type-post","status-publish","format-standard","has-post-thumbnail","hentry","category-bez-kategorii"],"acf":[],"_links":{"self":[{"href":"https:\/\/wpserwis.cfolks.pl\/r2\/wp-json\/wp\/v2\/posts\/32893","targetHints":{"allow":["GET"]}}],"collection":[{"href":"https:\/\/wpserwis.cfolks.pl\/r2\/wp-json\/wp\/v2\/posts"}],"about":[{"href":"https:\/\/wpserwis.cfolks.pl\/r2\/wp-json\/wp\/v2\/types\/post"}],"author":[{"embeddable":true,"href":"https:\/\/wpserwis.cfolks.pl\/r2\/wp-json\/wp\/v2\/users\/1"}],"replies":[{"embeddable":true,"href":"https:\/\/wpserwis.cfolks.pl\/r2\/wp-json\/wp\/v2\/comments?post=32893"}],"version-history":[{"count":0,"href":"https:\/\/wpserwis.cfolks.pl\/r2\/wp-json\/wp\/v2\/posts\/32893\/revisions"}],"wp:featuredmedia":[{"embeddable":true,"href":"https:\/\/wpserwis.cfolks.pl\/r2\/wp-json\/"}],"wp:attachment":[{"href":"https:\/\/wpserwis.cfolks.pl\/r2\/wp-json\/wp\/v2\/media?parent=32893"}],"wp:term":[{"taxonomy":"category","embeddable":true,"href":"https:\/\/wpserwis.cfolks.pl\/r2\/wp-json\/wp\/v2\/categories?post=32893"},{"taxonomy":"post_tag","embeddable":true,"href":"https:\/\/wpserwis.cfolks.pl\/r2\/wp-json\/wp\/v2\/tags?post=32893"}],"curies":[{"name":"wp","href":"https:\/\/api.w.org\/{rel}","templated":true}]}}