{"id":32909,"date":"2024-06-27T10:23:20","date_gmt":"2024-06-27T08:23:20","guid":{"rendered":"https:\/\/wtw.waw.pl\/?p=32909"},"modified":"2024-06-27T10:23:20","modified_gmt":"2024-06-27T08:23:20","slug":"srodmiejscy-olimpijczycy-nowy-projekt-z-dzielnica-srodmiescie","status":"publish","type":"post","link":"https:\/\/wpserwis.cfolks.pl\/r2\/srodmiejscy-olimpijczycy-nowy-projekt-z-dzielnica-srodmiescie\/","title":{"rendered":"&#8222;\u015aR\u00d3DMIEJSCY OLIMPIJCZYCY&#8221; &#8211; NOWY PROJEKT Z DZIELNIC\u0104 \u015aR\u00d3DMIE\u015aCIE"},"content":{"rendered":"<p>Bardzo nam mi\u0142o poinformowa\u0107, \u017ce kilka dni temu wystartowa\u0142 kolejny nowy projekt sportowy z udzia\u0142em naszego Towarzystwa.<\/p>\n<p>Dzi\u0119ki bardzo dobrej wsp\u00f3\u0142pracy z Wydzia\u0142em Sportu i Spraw Spo\u0142ecznych dzielnicy \u015ar\u00f3dmie\u015bcie, uda\u0142o si\u0119 uruchomi\u0107 program dla \u015br\u00f3dmiejskich Senior\u00f3w.<\/p>\n<p>Za\u0142o\u017ceniem projektu jest przygotowanie kilkudziesi\u0119cioosobowej grupy, do startu we wrze\u015bniowej Senioriadzie (Warszawska Olimpiada Senior\u00f3w).<\/p>\n<p>Nasi trenerzy, prowadzi\u0107 b\u0119d\u0105 zaj\u0119cia na obiekcie WTW przy ul. Wio\u015blarskiej 6 w oparciu o basen wio\u015blarski, ergometry i si\u0142owni\u0119. Pojawi\u0105 si\u0119 r\u00f3wnie\u017c zaj\u0119cia p\u0142ywackie (na zewn\u0119trznym obiekcie) oraz elementy gimnastyki i lekkiej atletyki.<\/p>\n<p>Debiutancki projekt zak\u0142ada szkolenie sportowe od po\u0142owy czerwca do po\u0142owy wrze\u015bnia. Zaj\u0119cia odbywaj\u0105 si\u0119 w ka\u017cd\u0105 \u015brod\u0119 (14:00) i sobot\u0119 (10:00).<\/p>\n<p>Zaj\u0119cia na basenie &#8211; w trakcie ustalania.<\/p>\n<p>Wszystkich ch\u0119tnych \u015br\u00f3dmiejskich senior\u00f3w, zapraszamy do zapis\u00f3w pod numerem: 22-325-53-42.<\/p>\n<p><a href=\"https:\/\/wpserwis.cfolks.pl\/r2\/wp-content\/uploads\/2024\/06\/448792293_856716613164422_3698754222463843707_n.jpg\"><img loading=\"lazy\" decoding=\"async\" class=\"alignnone size-large wp-image-32911\" src=\"https:\/\/wpserwis.cfolks.pl\/r2\/wp-content\/uploads\/2024\/06\/448792293_856716613164422_3698754222463843707_n-724x1024.jpg\" alt=\"\" width=\"724\" height=\"1024\"><\/a><\/p>\n<p>&nbsp;<\/p>\n<p>.<\/p>\n","protected":false},"excerpt":{"rendered":"<p>Bardzo nam mi\u0142o poinformowa\u0107, \u017ce kilka dni temu wystartowa\u0142 kolejny nowy projekt sportowy z udzia\u0142em naszego Towarzystwa. Dzi\u0119ki bardzo dobrej wsp\u00f3\u0142pracy z Wydzia\u0142em Sportu i Spraw Spo\u0142ecznych dzielnicy \u015ar\u00f3dmie\u015bcie, uda\u0142o si\u0119 uruchomi\u0107 program dla \u015br\u00f3dmiejskich Senior\u00f3w. Za\u0142o\u017ceniem projektu jest przygotowanie kilkudziesi\u0119cioosobowej grupy, do startu we wrze\u015bniowej Senioriadzie (Warszawska Olimpiada Senior\u00f3w). Nasi trenerzy, prowadzi\u0107 b\u0119d\u0105 zaj\u0119cia [&hellip;]<\/p>\n","protected":false},"author":1,"featured_media":32910,"comment_status":"closed","ping_status":"closed","sticky":false,"template":"","format":"standard","meta":{"_acf_changed":false,"footnotes":""},"categories":[1],"tags":[],"class_list":["post-32909","post","type-post","status-publish","format-standard","has-post-thumbnail","hentry","category-bez-kategorii"],"acf":[],"_links":{"self":[{"href":"https:\/\/wpserwis.cfolks.pl\/r2\/wp-json\/wp\/v2\/posts\/32909","targetHints":{"allow":["GET"]}}],"collection":[{"href":"https:\/\/wpserwis.cfolks.pl\/r2\/wp-json\/wp\/v2\/posts"}],"about":[{"href":"https:\/\/wpserwis.cfolks.pl\/r2\/wp-json\/wp\/v2\/types\/post"}],"author":[{"embeddable":true,"href":"https:\/\/wpserwis.cfolks.pl\/r2\/wp-json\/wp\/v2\/users\/1"}],"replies":[{"embeddable":true,"href":"https:\/\/wpserwis.cfolks.pl\/r2\/wp-json\/wp\/v2\/comments?post=32909"}],"version-history":[{"count":0,"href":"https:\/\/wpserwis.cfolks.pl\/r2\/wp-json\/wp\/v2\/posts\/32909\/revisions"}],"wp:featuredmedia":[{"embeddable":true,"href":"https:\/\/wpserwis.cfolks.pl\/r2\/wp-json\/"}],"wp:attachment":[{"href":"https:\/\/wpserwis.cfolks.pl\/r2\/wp-json\/wp\/v2\/media?parent=32909"}],"wp:term":[{"taxonomy":"category","embeddable":true,"href":"https:\/\/wpserwis.cfolks.pl\/r2\/wp-json\/wp\/v2\/categories?post=32909"},{"taxonomy":"post_tag","embeddable":true,"href":"https:\/\/wpserwis.cfolks.pl\/r2\/wp-json\/wp\/v2\/tags?post=32909"}],"curies":[{"name":"wp","href":"https:\/\/api.w.org\/{rel}","templated":true}]}}