{"id":32970,"date":"2024-07-09T12:53:58","date_gmt":"2024-07-09T10:53:58","guid":{"rendered":"https:\/\/wtw.waw.pl\/?p=32970"},"modified":"2024-07-09T12:53:58","modified_gmt":"2024-07-09T10:53:58","slug":"akademickie-mistrzostwa-swiata-zloty-domanski-srebro-plominskiego","status":"publish","type":"post","link":"https:\/\/wpserwis.cfolks.pl\/r2\/akademickie-mistrzostwa-swiata-zloty-domanski-srebro-plominskiego\/","title":{"rendered":"AKADEMICKIE MISTRZOSTWA \u015aWIATA, Z\u0141OTY DOMA\u0143SKI, SREBRO P\u0141OMI\u0143SKIEGO"},"content":{"rendered":"<div class=\"xdj266r x11i5rnm xat24cr x1mh8g0r x1vvkbs x126k92a\">\n<div dir=\"auto\">Za nami Akademickie Mistrzostwa \u015bwiata w Rotterdamie (Holandia), gdzie startowali nasi podopieczni.<\/div>\n<div dir=\"auto\">&nbsp;<\/div>\n<div dir=\"auto\">Konrad Doma\u0144ski p\u0142yn\u0105cy na 2x z Jakubem Wo\u017aniakiem zwyci\u0119\u017cyli z ogromn\u0105 przewag\u0105 nad reszt\u0105 stawki.<\/div>\n<div dir=\"auto\">&nbsp;<\/div>\n<div dir=\"auto\">Piotr P\u0142omi\u0144ski startuj\u0105cy w kategorii 1x zaj\u0105\u0142 drugie miejsce&nbsp;.<\/div>\n<div dir=\"auto\">&nbsp;<\/div>\n<\/div>\n<div class=\"x11i5rnm xat24cr x1mh8g0r x1vvkbs xtlvy1s x126k92a\">\n<div dir=\"auto\">Kilka s\u0142\u00f3w o biegu od zwyci\u0119zcy Akademickich Mistrzostw \u015awiata Konrada Doma\u0144skiego reprezentuj\u0105cego uczelni\u0119 WSG Bydgoszcz:<\/div>\n<\/div>\n<div class=\"x11i5rnm xat24cr x1mh8g0r x1vvkbs xtlvy1s x126k92a\">\n<div dir=\"auto\">\u201e<em>Warunki by\u0142y bardzo ci\u0119\u017ckie przez mocny wiatr tak\u017ce mieli\u015bmy plan \u017ceby wyj\u015b\u0107 od startu i kontrolowa\u0107 reszt\u0119 osad. Naszym nast\u0119pnym startem b\u0119d\u0105 M\u0142odzie\u017cowe Mistrzostwa \u015awiata w Kanadzie (18-25.08). \u201e<\/em><\/div>\n<div dir=\"auto\">&nbsp;<\/div>\n<\/div>\n<div class=\"x11i5rnm xat24cr x1mh8g0r x1vvkbs xtlvy1s x126k92a\">\n<div dir=\"auto\">Serdecznie gratulujemy udanych start\u00f3w i \u017cyczymy powodzenia w realizacji planu do Mistrzostw \u015awiata&nbsp;.<\/div>\n<\/div>\n<div class=\"x11i5rnm xat24cr x1mh8g0r x1vvkbs xtlvy1s x126k92a\">\n<div dir=\"auto\"><span class=\"html-span xexx8yu x4uap5 x18d9i69 xkhd6sd x1hl2dhg x16tdsg8 x1vvkbs x3nfvp2 x1j61x8r x1fcty0u xdj266r xat24cr xgzva0m xhhsvwb xxymvpz xlup9mm x1kky2od\"><img loading=\"lazy\" decoding=\"async\" class=\"xz74otr\" src=\"https:\/\/static.xx.fbcdn.net\/images\/emoji.php\/v9\/t7d\/2\/16\/1f4f8.png\" alt=\"\ud83d\udcf8\" width=\"16\" height=\"16\"><span class=\"x193iq5w xeuugli x13faqbe x1vvkbs xlh3980 xvmahel x1n0sxbx x1lliihq x1s928wv xhkezso x1gmr53x x1cpjm7i x1fgarty x1943h6x xudqn12 x3x7a5m x6prxxf xvq8zen xo1l8bm xzsf02u x1yc453h\" dir=\"auto\"><span class=\"html-span xdj266r x11i5rnm xat24cr x1mh8g0r xexx8yu x4uap5 x18d9i69 xkhd6sd x1hl2dhg x16tdsg8 x1vvkbs\"><a class=\"x1i10hfl xjbqb8w x1ejq31n xd10rxx x1sy0etr x17r0tee x972fbf xcfux6l x1qhh985 xm0m39n x9f619 x1ypdohk xt0psk2 xe8uvvx xdj266r x11i5rnm xat24cr x1mh8g0r xexx8yu x4uap5 x18d9i69 xkhd6sd x16tdsg8 x1hl2dhg xggy1nq x1a2a7pz x1sur9pj xkrqix3 x1fey0fg xo1l8bm\" tabindex=\"0\" role=\"link\" href=\"https:\/\/www.instagram.com\/_u\/lukasz_szelag?fbclid=IwZXh0bgNhZW0CMTAAAR0SXf5us3uwfZnLHxmJT3WhKxxkkHQFT3DYtG5_fLTWCU_Fy3KAA96sR-E_aem_oeT0RERRK0IXujeOhgmB4g\" target=\"_blank\" rel=\"nofollow noopener noreferrer\">@lukasz_szelag<\/a><\/span><\/span><br \/>\n<\/span><\/div>\n<\/div>\n<div dir=\"auto\">&nbsp;<\/div>\n<div dir=\"auto\"><a href=\"https:\/\/wpserwis.cfolks.pl\/r2\/wp-content\/uploads\/2024\/07\/449762988_18440013190016863_537953765832041457_n.jpg\"><img loading=\"lazy\" decoding=\"async\" class=\"alignnone wp-image-32971 size-medium\" src=\"https:\/\/wpserwis.cfolks.pl\/r2\/wp-content\/uploads\/2024\/07\/449762988_18440013190016863_537953765832041457_n-300x200.jpg\" alt=\"\" width=\"300\" height=\"200\"><\/a><\/div>\n","protected":false},"excerpt":{"rendered":"<p>Za nami Akademickie Mistrzostwa \u015bwiata w Rotterdamie (Holandia), gdzie startowali nasi podopieczni. &nbsp; Konrad Doma\u0144ski p\u0142yn\u0105cy na 2x z Jakubem Wo\u017aniakiem zwyci\u0119\u017cyli z ogromn\u0105 przewag\u0105 nad reszt\u0105 stawki. &nbsp; Piotr P\u0142omi\u0144ski startuj\u0105cy w kategorii 1x zaj\u0105\u0142 drugie miejsce&nbsp;. &nbsp; Kilka s\u0142\u00f3w o biegu od zwyci\u0119zcy Akademickich Mistrzostw \u015awiata Konrada Doma\u0144skiego reprezentuj\u0105cego uczelni\u0119 WSG Bydgoszcz: \u201eWarunki [&hellip;]<\/p>\n","protected":false},"author":1,"featured_media":32972,"comment_status":"closed","ping_status":"closed","sticky":false,"template":"","format":"standard","meta":{"_acf_changed":false,"footnotes":""},"categories":[1],"tags":[],"class_list":["post-32970","post","type-post","status-publish","format-standard","has-post-thumbnail","hentry","category-bez-kategorii"],"acf":[],"_links":{"self":[{"href":"https:\/\/wpserwis.cfolks.pl\/r2\/wp-json\/wp\/v2\/posts\/32970","targetHints":{"allow":["GET"]}}],"collection":[{"href":"https:\/\/wpserwis.cfolks.pl\/r2\/wp-json\/wp\/v2\/posts"}],"about":[{"href":"https:\/\/wpserwis.cfolks.pl\/r2\/wp-json\/wp\/v2\/types\/post"}],"author":[{"embeddable":true,"href":"https:\/\/wpserwis.cfolks.pl\/r2\/wp-json\/wp\/v2\/users\/1"}],"replies":[{"embeddable":true,"href":"https:\/\/wpserwis.cfolks.pl\/r2\/wp-json\/wp\/v2\/comments?post=32970"}],"version-history":[{"count":0,"href":"https:\/\/wpserwis.cfolks.pl\/r2\/wp-json\/wp\/v2\/posts\/32970\/revisions"}],"wp:featuredmedia":[{"embeddable":true,"href":"https:\/\/wpserwis.cfolks.pl\/r2\/wp-json\/"}],"wp:attachment":[{"href":"https:\/\/wpserwis.cfolks.pl\/r2\/wp-json\/wp\/v2\/media?parent=32970"}],"wp:term":[{"taxonomy":"category","embeddable":true,"href":"https:\/\/wpserwis.cfolks.pl\/r2\/wp-json\/wp\/v2\/categories?post=32970"},{"taxonomy":"post_tag","embeddable":true,"href":"https:\/\/wpserwis.cfolks.pl\/r2\/wp-json\/wp\/v2\/tags?post=32970"}],"curies":[{"name":"wp","href":"https:\/\/api.w.org\/{rel}","templated":true}]}}