{"id":33033,"date":"2024-08-05T10:51:21","date_gmt":"2024-08-05T08:51:21","guid":{"rendered":"https:\/\/wtw.waw.pl\/?p=33033"},"modified":"2024-08-05T10:51:21","modified_gmt":"2024-08-05T08:51:21","slug":"domanski-z-nominacja-na-mlodziezowe-mistrzostwa-swiata","status":"publish","type":"post","link":"https:\/\/wpserwis.cfolks.pl\/r2\/domanski-z-nominacja-na-mlodziezowe-mistrzostwa-swiata\/","title":{"rendered":"DOMA\u0143SKI Z NOMINACJ\u0104 NA M\u0141ODZIE\u017bOWE MISTRZOSTWA \u015aWIATA"},"content":{"rendered":"<p><span class=\"x193iq5w xeuugli x13faqbe x1vvkbs xlh3980 xvmahel x1n0sxbx x1lliihq x1s928wv xhkezso x1gmr53x x1cpjm7i x1fgarty x1943h6x xudqn12 x3x7a5m x6prxxf xvq8zen xo1l8bm xzsf02u x1yc453h\" dir=\"auto\">W minion\u0105 sobot\u0119 w Wa\u0142czu odby\u0142y si\u0119 nominacje na Mistrzostwa \u015awiata Under-23, kt\u00f3re wraz z konkurencjami nieolimpijskimi Senior\u00f3w oraz mistrzostwami \u015bwiata Junior\u00f3w odb\u0119d\u0105 si\u0119 18-25.08 w St. Catharines (Kanada). Nasz Konrad Doma\u0144ski wystartuje na M\u0142odzie\u017cowych Mistrzostwach \u015awiata w konkurencji M2x wraz Wo\u017aniakiem Jakubem z <span class=\"html-span xdj266r x11i5rnm xat24cr x1mh8g0r xexx8yu x4uap5 x18d9i69 xkhd6sd x1hl2dhg x16tdsg8 x1vvkbs\">KW 04 Pozna\u0144<\/span> .<\/span><\/p>\n<p><span class=\"x193iq5w xeuugli x13faqbe x1vvkbs xlh3980 xvmahel x1n0sxbx x1lliihq x1s928wv xhkezso x1gmr53x x1cpjm7i x1fgarty x1943h6x xudqn12 x3x7a5m x6prxxf xvq8zen xo1l8bm xzsf02u x1yc453h\" dir=\"auto\">Ch\u0142opaki b\u0119d\u0105 broni\u0107 wicemistrzostwa \u015bwiata wywalczonego w zesz\u0142ym roku.<br \/>\n<\/span><\/p>\n<p><span class=\"x193iq5w xeuugli x13faqbe x1vvkbs xlh3980 xvmahel x1n0sxbx x1lliihq x1s928wv xhkezso x1gmr53x x1cpjm7i x1fgarty x1943h6x xudqn12 x3x7a5m x6prxxf xvq8zen xo1l8bm xzsf02u x1yc453h\" dir=\"auto\">Wylot do Kanady ju\u017c 12.08 . <\/span><\/p>\n<p>Trzymamy kciuki !<\/p>\n<p>&nbsp;<\/p>\n<p><a href=\"https:\/\/wpserwis.cfolks.pl\/r2\/wp-content\/uploads\/2024\/08\/453880290_18445264609016863_4642552487925747247_n.jpg\"><img loading=\"lazy\" decoding=\"async\" class=\"alignnone size-large wp-image-33035\" src=\"https:\/\/wpserwis.cfolks.pl\/r2\/wp-content\/uploads\/2024\/08\/453880290_18445264609016863_4642552487925747247_n-918x1024.jpg\" alt=\"\" width=\"918\" height=\"1024\"><\/a><\/p>\n","protected":false},"excerpt":{"rendered":"<p>W minion\u0105 sobot\u0119 w Wa\u0142czu odby\u0142y si\u0119 nominacje na Mistrzostwa \u015awiata Under-23, kt\u00f3re wraz z konkurencjami nieolimpijskimi Senior\u00f3w oraz mistrzostwami \u015bwiata Junior\u00f3w odb\u0119d\u0105 si\u0119 18-25.08 w St. Catharines (Kanada). Nasz Konrad Doma\u0144ski wystartuje na M\u0142odzie\u017cowych Mistrzostwach \u015awiata w konkurencji M2x wraz Wo\u017aniakiem Jakubem z KW 04 Pozna\u0144 . Ch\u0142opaki b\u0119d\u0105 broni\u0107 wicemistrzostwa \u015bwiata wywalczonego w [&hellip;]<\/p>\n","protected":false},"author":1,"featured_media":33034,"comment_status":"closed","ping_status":"closed","sticky":false,"template":"","format":"standard","meta":{"_acf_changed":false,"footnotes":""},"categories":[1],"tags":[],"class_list":["post-33033","post","type-post","status-publish","format-standard","has-post-thumbnail","hentry","category-bez-kategorii"],"acf":[],"_links":{"self":[{"href":"https:\/\/wpserwis.cfolks.pl\/r2\/wp-json\/wp\/v2\/posts\/33033","targetHints":{"allow":["GET"]}}],"collection":[{"href":"https:\/\/wpserwis.cfolks.pl\/r2\/wp-json\/wp\/v2\/posts"}],"about":[{"href":"https:\/\/wpserwis.cfolks.pl\/r2\/wp-json\/wp\/v2\/types\/post"}],"author":[{"embeddable":true,"href":"https:\/\/wpserwis.cfolks.pl\/r2\/wp-json\/wp\/v2\/users\/1"}],"replies":[{"embeddable":true,"href":"https:\/\/wpserwis.cfolks.pl\/r2\/wp-json\/wp\/v2\/comments?post=33033"}],"version-history":[{"count":0,"href":"https:\/\/wpserwis.cfolks.pl\/r2\/wp-json\/wp\/v2\/posts\/33033\/revisions"}],"wp:featuredmedia":[{"embeddable":true,"href":"https:\/\/wpserwis.cfolks.pl\/r2\/wp-json\/"}],"wp:attachment":[{"href":"https:\/\/wpserwis.cfolks.pl\/r2\/wp-json\/wp\/v2\/media?parent=33033"}],"wp:term":[{"taxonomy":"category","embeddable":true,"href":"https:\/\/wpserwis.cfolks.pl\/r2\/wp-json\/wp\/v2\/categories?post=33033"},{"taxonomy":"post_tag","embeddable":true,"href":"https:\/\/wpserwis.cfolks.pl\/r2\/wp-json\/wp\/v2\/tags?post=33033"}],"curies":[{"name":"wp","href":"https:\/\/api.w.org\/{rel}","templated":true}]}}