{"id":33037,"date":"2024-08-05T10:54:27","date_gmt":"2024-08-05T08:54:27","guid":{"rendered":"https:\/\/wtw.waw.pl\/?p=33037"},"modified":"2024-08-05T10:54:27","modified_gmt":"2024-08-05T08:54:27","slug":"kajakowe-lato-w-miescie-z-wtw-warszawa","status":"publish","type":"post","link":"https:\/\/wpserwis.cfolks.pl\/r2\/kajakowe-lato-w-miescie-z-wtw-warszawa\/","title":{"rendered":"KAJAKOWE LATO W MIE\u015aCIE Z WTW WARSZAWA"},"content":{"rendered":"<div class=\"xdj266r x11i5rnm xat24cr x1mh8g0r x1vvkbs x126k92a\">\n<div dir=\"auto\">Nasi najm\u0142odsi kajakarze pop\u0142yn\u0119li Wis\u0142\u0105 do mostu Siekierkowskiego . Jak wida\u0107 po ich twarzach byli zachwyceni . Lato w mie\u015bcie TRWA&nbsp;<\/div>\n<\/div>\n<div class=\"x11i5rnm xat24cr x1mh8g0r x1vvkbs xtlvy1s x126k92a\">\n<div dir=\"auto\">&nbsp;<\/div>\n<div dir=\"auto\"><span class=\"html-span xexx8yu x4uap5 x18d9i69 xkhd6sd x1hl2dhg x16tdsg8 x1vvkbs x3nfvp2 x1j61x8r x1fcty0u xdj266r xat24cr xgzva0m xhhsvwb xxymvpz xlup9mm x1kky2od\"><img loading=\"lazy\" decoding=\"async\" class=\"xz74otr\" src=\"https:\/\/static.xx.fbcdn.net\/images\/emoji.php\/v9\/t7d\/2\/16\/1f4f8.png\" alt=\"\ud83d\udcf8\" width=\"16\" height=\"16\"><\/span> Agnieszka Cruz Koniak<\/div>\n<\/div>\n<div dir=\"auto\">&nbsp;<\/div>\n<div dir=\"auto\">&nbsp;<\/div>\n<div dir=\"auto\"><a href=\"https:\/\/wpserwis.cfolks.pl\/r2\/wp-content\/uploads\/2024\/08\/453987681_18445262842016863_5460229646092080539_n.jpg\"><img loading=\"lazy\" decoding=\"async\" class=\"alignnone wp-image-33038 size-medium\" src=\"https:\/\/wpserwis.cfolks.pl\/r2\/wp-content\/uploads\/2024\/08\/453987681_18445262842016863_5460229646092080539_n-259x300.jpg\" alt=\"\" width=\"259\" height=\"300\"><\/a> <a href=\"https:\/\/wpserwis.cfolks.pl\/r2\/wp-content\/uploads\/2024\/08\/454417545_18445262860016863_6251912817947046029_n.jpg\"><img loading=\"lazy\" decoding=\"async\" class=\"alignnone wp-image-33039 size-medium\" src=\"https:\/\/wpserwis.cfolks.pl\/r2\/wp-content\/uploads\/2024\/08\/454417545_18445262860016863_6251912817947046029_n-259x300.jpg\" alt=\"\" width=\"259\" height=\"300\"><\/a> <a href=\"https:\/\/wpserwis.cfolks.pl\/r2\/wp-content\/uploads\/2024\/08\/453900839_18445262869016863_8299271578090046811_n.jpg\"><img loading=\"lazy\" decoding=\"async\" class=\"alignnone wp-image-33040 size-medium\" src=\"https:\/\/wpserwis.cfolks.pl\/r2\/wp-content\/uploads\/2024\/08\/453900839_18445262869016863_8299271578090046811_n-260x300.jpg\" alt=\"\" width=\"260\" height=\"300\"><\/a><\/div>\n","protected":false},"excerpt":{"rendered":"<p>Nasi najm\u0142odsi kajakarze pop\u0142yn\u0119li Wis\u0142\u0105 do mostu Siekierkowskiego . Jak wida\u0107 po ich twarzach byli zachwyceni . Lato w mie\u015bcie TRWA&nbsp; &nbsp; Agnieszka Cruz Koniak &nbsp; &nbsp;<\/p>\n","protected":false},"author":1,"featured_media":33041,"comment_status":"closed","ping_status":"closed","sticky":false,"template":"","format":"standard","meta":{"_acf_changed":false,"footnotes":""},"categories":[1],"tags":[],"class_list":["post-33037","post","type-post","status-publish","format-standard","has-post-thumbnail","hentry","category-bez-kategorii"],"acf":[],"_links":{"self":[{"href":"https:\/\/wpserwis.cfolks.pl\/r2\/wp-json\/wp\/v2\/posts\/33037","targetHints":{"allow":["GET"]}}],"collection":[{"href":"https:\/\/wpserwis.cfolks.pl\/r2\/wp-json\/wp\/v2\/posts"}],"about":[{"href":"https:\/\/wpserwis.cfolks.pl\/r2\/wp-json\/wp\/v2\/types\/post"}],"author":[{"embeddable":true,"href":"https:\/\/wpserwis.cfolks.pl\/r2\/wp-json\/wp\/v2\/users\/1"}],"replies":[{"embeddable":true,"href":"https:\/\/wpserwis.cfolks.pl\/r2\/wp-json\/wp\/v2\/comments?post=33037"}],"version-history":[{"count":0,"href":"https:\/\/wpserwis.cfolks.pl\/r2\/wp-json\/wp\/v2\/posts\/33037\/revisions"}],"wp:featuredmedia":[{"embeddable":true,"href":"https:\/\/wpserwis.cfolks.pl\/r2\/wp-json\/"}],"wp:attachment":[{"href":"https:\/\/wpserwis.cfolks.pl\/r2\/wp-json\/wp\/v2\/media?parent=33037"}],"wp:term":[{"taxonomy":"category","embeddable":true,"href":"https:\/\/wpserwis.cfolks.pl\/r2\/wp-json\/wp\/v2\/categories?post=33037"},{"taxonomy":"post_tag","embeddable":true,"href":"https:\/\/wpserwis.cfolks.pl\/r2\/wp-json\/wp\/v2\/tags?post=33037"}],"curies":[{"name":"wp","href":"https:\/\/api.w.org\/{rel}","templated":true}]}}