{"id":33096,"date":"2024-08-12T12:29:43","date_gmt":"2024-08-12T10:29:43","guid":{"rendered":"https:\/\/wtw.waw.pl\/?p=33096"},"modified":"2024-08-12T12:29:43","modified_gmt":"2024-08-12T10:29:43","slug":"kajakowe-miedzywojewodzkie-mistrzostwa-mlodzikow-cztery-medale-wtw","status":"publish","type":"post","link":"https:\/\/wpserwis.cfolks.pl\/r2\/kajakowe-miedzywojewodzkie-mistrzostwa-mlodzikow-cztery-medale-wtw\/","title":{"rendered":"KAJAKOWE MI\u0118DZYWOJEW\u00d3DZKIE MISTRZOSTWA M\u0141ODZIK\u00d3W &#8211; CZTERY MEDALE WTW"},"content":{"rendered":"<p>W sobot\u0119 10.08 w Olsztynie, odby\u0142y si\u0119 Mi\u0119dzywojew\u00f3dzkie Mistrzostwa M\u0142odzik\u00f3w w kajakarstwie.<\/p>\n<p>Dobrze wypadli nasi m\u0142odzi zawodnicy zdobywaj\u0105c cztery medale: z\u0142oty, dwa srebra i br\u0105z.<\/p>\n<p>Na podium zawod\u00f3w stan\u0119li:<\/p>\n<p>z\u0142oty medale: Carmen Cruz-Koniak<\/p>\n<p>srebrny medal: Wiktor Cruz-Koniak i Maksim Yudzenka<\/p>\n<p>br\u0105zowy medal: Jan Czy\u017cewicz.<\/p>\n<p>&nbsp;<\/p>\n<p>Gratulujemy wyst\u0119pu naszym zawodnikom oraz ich trenerom: Wojtkowi Bukowskiemu i Andrzejowi Drylowi.<\/p>\n<p><a href=\"https:\/\/wpserwis.cfolks.pl\/r2\/wp-content\/uploads\/2024\/08\/4b0otD1Q.jpg\"><img loading=\"lazy\" decoding=\"async\" class=\"alignnone wp-image-33098 size-medium\" src=\"https:\/\/wpserwis.cfolks.pl\/r2\/wp-content\/uploads\/2024\/08\/4b0otD1Q-300x225.jpg\" alt=\"\" width=\"300\" height=\"225\"><\/a> <a href=\"https:\/\/wpserwis.cfolks.pl\/r2\/wp-content\/uploads\/2024\/08\/lBdMRM_n.jpg\"><img loading=\"lazy\" decoding=\"async\" class=\"alignnone wp-image-33099 size-medium\" src=\"https:\/\/wpserwis.cfolks.pl\/r2\/wp-content\/uploads\/2024\/08\/lBdMRM_n-300x225.jpg\" alt=\"\" width=\"300\" height=\"225\"><\/a><\/p>\n<p>&nbsp;<\/p>\n<p>&nbsp;<\/p>\n<p>&nbsp;<\/p>\n<p>.<\/p>\n","protected":false},"excerpt":{"rendered":"<p>W sobot\u0119 10.08 w Olsztynie, odby\u0142y si\u0119 Mi\u0119dzywojew\u00f3dzkie Mistrzostwa M\u0142odzik\u00f3w w kajakarstwie. Dobrze wypadli nasi m\u0142odzi zawodnicy zdobywaj\u0105c cztery medale: z\u0142oty, dwa srebra i br\u0105z. Na podium zawod\u00f3w stan\u0119li: z\u0142oty medale: Carmen Cruz-Koniak srebrny medal: Wiktor Cruz-Koniak i Maksim Yudzenka br\u0105zowy medal: Jan Czy\u017cewicz. &nbsp; Gratulujemy wyst\u0119pu naszym zawodnikom oraz ich trenerom: Wojtkowi Bukowskiemu i [&hellip;]<\/p>\n","protected":false},"author":1,"featured_media":33097,"comment_status":"closed","ping_status":"closed","sticky":false,"template":"","format":"standard","meta":{"_acf_changed":false,"footnotes":""},"categories":[1],"tags":[],"class_list":["post-33096","post","type-post","status-publish","format-standard","has-post-thumbnail","hentry","category-bez-kategorii"],"acf":[],"_links":{"self":[{"href":"https:\/\/wpserwis.cfolks.pl\/r2\/wp-json\/wp\/v2\/posts\/33096","targetHints":{"allow":["GET"]}}],"collection":[{"href":"https:\/\/wpserwis.cfolks.pl\/r2\/wp-json\/wp\/v2\/posts"}],"about":[{"href":"https:\/\/wpserwis.cfolks.pl\/r2\/wp-json\/wp\/v2\/types\/post"}],"author":[{"embeddable":true,"href":"https:\/\/wpserwis.cfolks.pl\/r2\/wp-json\/wp\/v2\/users\/1"}],"replies":[{"embeddable":true,"href":"https:\/\/wpserwis.cfolks.pl\/r2\/wp-json\/wp\/v2\/comments?post=33096"}],"version-history":[{"count":0,"href":"https:\/\/wpserwis.cfolks.pl\/r2\/wp-json\/wp\/v2\/posts\/33096\/revisions"}],"wp:featuredmedia":[{"embeddable":true,"href":"https:\/\/wpserwis.cfolks.pl\/r2\/wp-json\/"}],"wp:attachment":[{"href":"https:\/\/wpserwis.cfolks.pl\/r2\/wp-json\/wp\/v2\/media?parent=33096"}],"wp:term":[{"taxonomy":"category","embeddable":true,"href":"https:\/\/wpserwis.cfolks.pl\/r2\/wp-json\/wp\/v2\/categories?post=33096"},{"taxonomy":"post_tag","embeddable":true,"href":"https:\/\/wpserwis.cfolks.pl\/r2\/wp-json\/wp\/v2\/tags?post=33096"}],"curies":[{"name":"wp","href":"https:\/\/api.w.org\/{rel}","templated":true}]}}