{"id":33138,"date":"2024-08-25T09:23:45","date_gmt":"2024-08-25T07:23:45","guid":{"rendered":"https:\/\/wtw.waw.pl\/?p=33138"},"modified":"2024-08-25T09:23:45","modified_gmt":"2024-08-25T07:23:45","slug":"konrad-domanski-mlodziezowym-mistrzem-swiata","status":"publish","type":"post","link":"https:\/\/wpserwis.cfolks.pl\/r2\/konrad-domanski-mlodziezowym-mistrzem-swiata\/","title":{"rendered":"KONRAD DOMA\u0143SKI M\u0141ODZIE\u017bOWYM MISTRZEM \u015aWIATA !"},"content":{"rendered":"<div class=\"xdj266r x11i5rnm xat24cr x1mh8g0r x1vvkbs x126k92a\">\n<div dir=\"auto\">To jest bomba informacja ! Nasz wychowanek Konrad Doma\u0144ski zosta\u0142 M\u0142odzie\u017cowym Mistrzem \u015awiata.<\/div>\n<div dir=\"auto\">Polska osada dw\u00f3jka podw\u00f3jna w sk\u0142adzie Konrad Doma\u0144ski i Jakub Wo\u017aniak (KW04 Pozna\u0144) wywalczy\u0142a z\u0142oto na kanadyjskim torze wio\u015blarskim, gdzie odbywa\u0142y si\u0119 M\u0142odzie\u017cowy Mistrzostwa \u015awiata.<\/div>\n<div dir=\"auto\">Ubieg\u0142oroczni wicemistrzowie, tym razem pop\u0142yn\u0119li jak po swoje, przechodz\u0105c jak burza przedbieg, p\u00f3\u0142fina\u0142 i fina\u0142 &#8211; wygrywaj\u0105c wszystkie swoje starty.<\/div>\n<div dir=\"auto\">&nbsp;<\/div>\n<div dir=\"auto\">W finale Polacy, rewelacyjnie pop\u0142yn\u0119li od startu do mety powi\u0119kszaj\u0105c przewag\u0119 nad reszt\u0105 stawki: Australijczykami oraz Irlandczykami, zwyci\u0119\u017caj\u0105c z rewelacyjnym czasem 6:11:09.<\/div>\n<div dir=\"auto\">&nbsp;<\/div>\n<\/div>\n<div class=\"x11i5rnm xat24cr x1mh8g0r x1vvkbs xtlvy1s x126k92a\">\n<div dir=\"auto\">Wielkie gratulacje Konrad Doma\u0144ski oraz Jakub Wo\u017aniak (KW04 Pozna\u0144). Zrobili\u015bcie co\u015b WIELKIEGO !!!!<\/div>\n<\/div>\n<div class=\"x11i5rnm xat24cr x1mh8g0r x1vvkbs xtlvy1s x126k92a\">\n<div dir=\"auto\">Duma <span class=\"html-span xexx8yu x4uap5 x18d9i69 xkhd6sd x1hl2dhg x16tdsg8 x1vvkbs x3nfvp2 x1j61x8r x1fcty0u xdj266r xat24cr xgzva0m xhhsvwb xxymvpz xlup9mm x1kky2od\">Panowie !<\/span><\/div>\n<\/div>\n<div dir=\"auto\">&nbsp;<\/div>\n<div dir=\"auto\">fot. Julia Kowacic<\/div>\n<div dir=\"auto\">&nbsp;<\/div>\n<div dir=\"auto\"><a href=\"https:\/\/wpserwis.cfolks.pl\/r2\/wp-content\/uploads\/2024\/08\/IMG_0231.jpg\"><img loading=\"lazy\" decoding=\"async\" class=\"alignnone size-large wp-image-33140\" src=\"https:\/\/wpserwis.cfolks.pl\/r2\/wp-content\/uploads\/2024\/08\/IMG_0231-1024x683.jpg\" alt=\"\" width=\"1024\" height=\"683\"><\/a> <a href=\"https:\/\/wpserwis.cfolks.pl\/r2\/wp-content\/uploads\/2024\/08\/IMG_0233.jpg\"><img loading=\"lazy\" decoding=\"async\" class=\"alignnone size-large wp-image-33141\" src=\"https:\/\/wpserwis.cfolks.pl\/r2\/wp-content\/uploads\/2024\/08\/IMG_0233-1024x683.jpg\" alt=\"\" width=\"1024\" height=\"683\"><\/a> <a href=\"https:\/\/wpserwis.cfolks.pl\/r2\/wp-content\/uploads\/2024\/08\/IMG_0232.jpg\"><img loading=\"lazy\" decoding=\"async\" class=\"alignnone size-large wp-image-33142\" src=\"https:\/\/wpserwis.cfolks.pl\/r2\/wp-content\/uploads\/2024\/08\/IMG_0232-768x1024.jpg\" alt=\"\" width=\"768\" height=\"1024\"><\/a><\/div>\n<div dir=\"auto\">&nbsp;<\/div>\n<div dir=\"auto\">&nbsp;<\/div>\n<div dir=\"auto\">&nbsp;<\/div>\n<div dir=\"auto\">.<\/div>\n","protected":false},"excerpt":{"rendered":"<p>To jest bomba informacja ! Nasz wychowanek Konrad Doma\u0144ski zosta\u0142 M\u0142odzie\u017cowym Mistrzem \u015awiata. Polska osada dw\u00f3jka podw\u00f3jna w sk\u0142adzie Konrad Doma\u0144ski i Jakub Wo\u017aniak (KW04 Pozna\u0144) wywalczy\u0142a z\u0142oto na kanadyjskim torze wio\u015blarskim, gdzie odbywa\u0142y si\u0119 M\u0142odzie\u017cowy Mistrzostwa \u015awiata. Ubieg\u0142oroczni wicemistrzowie, tym razem pop\u0142yn\u0119li jak po swoje, przechodz\u0105c jak burza przedbieg, p\u00f3\u0142fina\u0142 i fina\u0142 &#8211; wygrywaj\u0105c [&hellip;]<\/p>\n","protected":false},"author":1,"featured_media":33139,"comment_status":"closed","ping_status":"closed","sticky":false,"template":"","format":"standard","meta":{"_acf_changed":false,"footnotes":""},"categories":[1],"tags":[],"class_list":["post-33138","post","type-post","status-publish","format-standard","has-post-thumbnail","hentry","category-bez-kategorii"],"acf":[],"_links":{"self":[{"href":"https:\/\/wpserwis.cfolks.pl\/r2\/wp-json\/wp\/v2\/posts\/33138","targetHints":{"allow":["GET"]}}],"collection":[{"href":"https:\/\/wpserwis.cfolks.pl\/r2\/wp-json\/wp\/v2\/posts"}],"about":[{"href":"https:\/\/wpserwis.cfolks.pl\/r2\/wp-json\/wp\/v2\/types\/post"}],"author":[{"embeddable":true,"href":"https:\/\/wpserwis.cfolks.pl\/r2\/wp-json\/wp\/v2\/users\/1"}],"replies":[{"embeddable":true,"href":"https:\/\/wpserwis.cfolks.pl\/r2\/wp-json\/wp\/v2\/comments?post=33138"}],"version-history":[{"count":0,"href":"https:\/\/wpserwis.cfolks.pl\/r2\/wp-json\/wp\/v2\/posts\/33138\/revisions"}],"wp:featuredmedia":[{"embeddable":true,"href":"https:\/\/wpserwis.cfolks.pl\/r2\/wp-json\/"}],"wp:attachment":[{"href":"https:\/\/wpserwis.cfolks.pl\/r2\/wp-json\/wp\/v2\/media?parent=33138"}],"wp:term":[{"taxonomy":"category","embeddable":true,"href":"https:\/\/wpserwis.cfolks.pl\/r2\/wp-json\/wp\/v2\/categories?post=33138"},{"taxonomy":"post_tag","embeddable":true,"href":"https:\/\/wpserwis.cfolks.pl\/r2\/wp-json\/wp\/v2\/tags?post=33138"}],"curies":[{"name":"wp","href":"https:\/\/api.w.org\/{rel}","templated":true}]}}