{"id":33260,"date":"2024-09-09T13:23:16","date_gmt":"2024-09-09T11:23:16","guid":{"rendered":"https:\/\/wtw.waw.pl\/?p=33260"},"modified":"2024-09-09T13:23:16","modified_gmt":"2024-09-09T11:23:16","slug":"konrad-domanski-mlodziezowym-mistrzem-europy","status":"publish","type":"post","link":"https:\/\/wpserwis.cfolks.pl\/r2\/konrad-domanski-mlodziezowym-mistrzem-europy\/","title":{"rendered":"KONRAD DOMA\u0143SKI M\u0141ODZIE\u017bOWYM MISTRZEM EUROPY"},"content":{"rendered":"<div class=\"xdj266r x11i5rnm xat24cr x1mh8g0r x1vvkbs x126k92a\">\n<div dir=\"auto\">KONRAD DOMA\u0143SKI MISTRZEM EUROPY ! DUBLET NASZEGO ZAWODNIKA !<\/div>\n<\/div>\n<div class=\"x11i5rnm xat24cr x1mh8g0r x1vvkbs xtlvy1s x126k92a\">\n<div dir=\"auto\">To jest absolutny kosmos ! Konrad Doma\u0144ski (WTW Warszawa) i Jakub Wo\u017aniak (KW04 Pozna\u0144) zostali m\u0142odzie\u017cowymi MISTRZAMI EUROPY !<\/div>\n<\/div>\n<div class=\"x11i5rnm xat24cr x1mh8g0r x1vvkbs xtlvy1s x126k92a\">\n<div dir=\"auto\">Kilkana\u015bcie dni po z\u0142ocie w m\u0142odzie\u017cowych Mistrzostwach \u015awiata, teraz dorzucili z\u0142oto starego kontynentu.<\/div>\n<\/div>\n<div class=\"x11i5rnm xat24cr x1mh8g0r x1vvkbs xtlvy1s x126k92a\">\n<div dir=\"auto\">&nbsp;<\/div>\n<div dir=\"auto\">M\u0142odzie\u017cowi Mistrzowie \u015awiata i Europy. Jak to pi\u0119knie brzmi.<\/div>\n<\/div>\n<div class=\"x11i5rnm xat24cr x1mh8g0r x1vvkbs xtlvy1s x126k92a\">\n<div dir=\"auto\">Ten sezon to czapki z g\u0142\u00f3w ch\u0142opaki !<\/div>\n<div dir=\"auto\">&nbsp;<\/div>\n<div dir=\"auto\">Brawo. Brawo. Brawo.<\/div>\n<div dir=\"auto\">&nbsp;<\/div>\n<\/div>\n<div class=\"x11i5rnm xat24cr x1mh8g0r x1vvkbs xtlvy1s x126k92a\">\n<div dir=\"auto\">Mo\u017cemy nie\u015bmia\u0142o zacz\u0105\u0107 m\u00f3wi\u0107, \u017ce to olbrzymie nadzieje na Igrzyska Olimpijskie w Los Angeles 2028 .<\/div>\n<\/div>\n<div dir=\"auto\">&nbsp;<\/div>\n<div dir=\"auto\">&nbsp;<\/div>\n<div dir=\"auto\">\n\n<\/div>\n<div dir=\"auto\">&nbsp;<\/div>\n<div dir=\"auto\">&nbsp;<\/div>\n<div dir=\"auto\">&nbsp;<\/div>\n<div dir=\"auto\">.<\/div>\n<div dir=\"auto\">&nbsp;<\/div>\n<div dir=\"auto\">&nbsp;<\/div>\n","protected":false},"excerpt":{"rendered":"<p>KONRAD DOMA\u0143SKI MISTRZEM EUROPY ! DUBLET NASZEGO ZAWODNIKA ! To jest absolutny kosmos ! Konrad Doma\u0144ski (WTW Warszawa) i Jakub Wo\u017aniak (KW04 Pozna\u0144) zostali m\u0142odzie\u017cowymi MISTRZAMI EUROPY ! Kilkana\u015bcie dni po z\u0142ocie w m\u0142odzie\u017cowych Mistrzostwach \u015awiata, teraz dorzucili z\u0142oto starego kontynentu. &nbsp; M\u0142odzie\u017cowi Mistrzowie \u015awiata i Europy. Jak to pi\u0119knie brzmi. Ten sezon to czapki [&hellip;]<\/p>\n","protected":false},"author":1,"featured_media":33261,"comment_status":"closed","ping_status":"closed","sticky":false,"template":"","format":"standard","meta":{"_acf_changed":false,"footnotes":""},"categories":[1],"tags":[],"class_list":["post-33260","post","type-post","status-publish","format-standard","has-post-thumbnail","hentry","category-bez-kategorii"],"acf":[],"_links":{"self":[{"href":"https:\/\/wpserwis.cfolks.pl\/r2\/wp-json\/wp\/v2\/posts\/33260","targetHints":{"allow":["GET"]}}],"collection":[{"href":"https:\/\/wpserwis.cfolks.pl\/r2\/wp-json\/wp\/v2\/posts"}],"about":[{"href":"https:\/\/wpserwis.cfolks.pl\/r2\/wp-json\/wp\/v2\/types\/post"}],"author":[{"embeddable":true,"href":"https:\/\/wpserwis.cfolks.pl\/r2\/wp-json\/wp\/v2\/users\/1"}],"replies":[{"embeddable":true,"href":"https:\/\/wpserwis.cfolks.pl\/r2\/wp-json\/wp\/v2\/comments?post=33260"}],"version-history":[{"count":0,"href":"https:\/\/wpserwis.cfolks.pl\/r2\/wp-json\/wp\/v2\/posts\/33260\/revisions"}],"wp:featuredmedia":[{"embeddable":true,"href":"https:\/\/wpserwis.cfolks.pl\/r2\/wp-json\/"}],"wp:attachment":[{"href":"https:\/\/wpserwis.cfolks.pl\/r2\/wp-json\/wp\/v2\/media?parent=33260"}],"wp:term":[{"taxonomy":"category","embeddable":true,"href":"https:\/\/wpserwis.cfolks.pl\/r2\/wp-json\/wp\/v2\/categories?post=33260"},{"taxonomy":"post_tag","embeddable":true,"href":"https:\/\/wpserwis.cfolks.pl\/r2\/wp-json\/wp\/v2\/tags?post=33260"}],"curies":[{"name":"wp","href":"https:\/\/api.w.org\/{rel}","templated":true}]}}