{"id":33277,"date":"2024-09-10T09:54:22","date_gmt":"2024-09-10T07:54:22","guid":{"rendered":"https:\/\/wtw.waw.pl\/?p=33277"},"modified":"2024-09-10T09:54:22","modified_gmt":"2024-09-10T07:54:22","slug":"kajakowe-regaty-canoe-energa-cup","status":"publish","type":"post","link":"https:\/\/wpserwis.cfolks.pl\/r2\/kajakowe-regaty-canoe-energa-cup\/","title":{"rendered":"KAJAKOWE REGATY CANOE ENERGA  CUP"},"content":{"rendered":"<div class=\"xdj266r x11i5rnm xat24cr x1mh8g0r x1vvkbs x126k92a\">\n<div dir=\"auto\">W miniony weekend nasi mali, dzielni kajakarze Wiktor Cruz-Koniak i Carmen Cruz-Koniak wzi\u0119li udzia\u0142 w II Og\u00f3lnopolskich regatach Canoe Energa Cup w kajakarstwie klasycznym w Elbl\u0105gu. Wiktor zaj\u0105\u0142 miejsce w wy\u015bcigu na 500m, a Carmen b\u0119d\u0105c najm\u0142odsz\u0105 zawodniczk\u0105 wy\u015bcigu uplasowa\u0142a si\u0119 na 5 pozycji.<\/div>\n<div dir=\"auto\">&nbsp;<\/div>\n<div dir=\"auto\">Zawodami towarzysz\u0105cymi by\u0142y regaty na kajakach turystycznych na dystansie 200m, w kt\u00f3rych Wiktor wraz z mam\u0105 zwyci\u0119\u017cyli, a Carmen z tat\u0105 zaj\u0119li drugie miejsce .<\/div>\n<\/div>\n<div class=\"x11i5rnm xat24cr x1mh8g0r x1vvkbs xtlvy1s x126k92a\">\n<div dir=\"auto\">&nbsp;<\/div>\n<div dir=\"auto\">Ogromne gratulacje dla ca\u0142ej rodzinki&nbsp;.<\/div>\n<\/div>\n<div dir=\"auto\">&nbsp;<\/div>\n<div dir=\"auto\"><a href=\"https:\/\/wpserwis.cfolks.pl\/r2\/wp-content\/uploads\/2024\/09\/458799065_18452066185016863_3894198291518233413_n.jpg\"><img loading=\"lazy\" decoding=\"async\" class=\"alignnone wp-image-33278 size-medium\" src=\"https:\/\/wpserwis.cfolks.pl\/r2\/wp-content\/uploads\/2024\/09\/458799065_18452066185016863_3894198291518233413_n-240x300.jpg\" alt=\"\" width=\"240\" height=\"300\"><\/a> <a href=\"https:\/\/wpserwis.cfolks.pl\/r2\/wp-content\/uploads\/2024\/09\/458762884_18452066176016863_3888466436301677932_n.jpg\"><img loading=\"lazy\" decoding=\"async\" class=\"alignnone wp-image-33279 size-medium\" src=\"https:\/\/wpserwis.cfolks.pl\/r2\/wp-content\/uploads\/2024\/09\/458762884_18452066176016863_3888466436301677932_n-240x300.jpg\" alt=\"\" width=\"240\" height=\"300\"><\/a> <a href=\"https:\/\/wpserwis.cfolks.pl\/r2\/wp-content\/uploads\/2024\/09\/458751711_18452066212016863_4014613488062941876_n.jpg\"><img loading=\"lazy\" decoding=\"async\" class=\"alignnone wp-image-33280 size-medium\" src=\"https:\/\/wpserwis.cfolks.pl\/r2\/wp-content\/uploads\/2024\/09\/458751711_18452066212016863_4014613488062941876_n-240x300.jpg\" alt=\"\" width=\"240\" height=\"300\"><\/a> <a href=\"https:\/\/wpserwis.cfolks.pl\/r2\/wp-content\/uploads\/2024\/09\/458746622_18452066203016863_8605613831871485025_n.jpg\"><img loading=\"lazy\" decoding=\"async\" class=\"alignnone wp-image-33281 size-medium\" src=\"https:\/\/wpserwis.cfolks.pl\/r2\/wp-content\/uploads\/2024\/09\/458746622_18452066203016863_8605613831871485025_n-240x300.jpg\" alt=\"\" width=\"240\" height=\"300\"><\/a> <a href=\"https:\/\/wpserwis.cfolks.pl\/r2\/wp-content\/uploads\/2024\/09\/458954992_18452066194016863_5613490933514003308_n.jpg\"><img loading=\"lazy\" decoding=\"async\" class=\"alignnone wp-image-33282 size-medium\" src=\"https:\/\/wpserwis.cfolks.pl\/r2\/wp-content\/uploads\/2024\/09\/458954992_18452066194016863_5613490933514003308_n-240x300.jpg\" alt=\"\" width=\"240\" height=\"300\"><\/a> <a href=\"https:\/\/wpserwis.cfolks.pl\/r2\/wp-content\/uploads\/2024\/09\/458975661_18452066221016863_8220852098820328685_n.jpg\"><img loading=\"lazy\" decoding=\"async\" class=\"alignnone wp-image-33283 size-medium\" src=\"https:\/\/wpserwis.cfolks.pl\/r2\/wp-content\/uploads\/2024\/09\/458975661_18452066221016863_8220852098820328685_n-240x300.jpg\" alt=\"\" width=\"240\" height=\"300\"><\/a><\/div>\n","protected":false},"excerpt":{"rendered":"<p>W miniony weekend nasi mali, dzielni kajakarze Wiktor Cruz-Koniak i Carmen Cruz-Koniak wzi\u0119li udzia\u0142 w II Og\u00f3lnopolskich regatach Canoe Energa Cup w kajakarstwie klasycznym w Elbl\u0105gu. Wiktor zaj\u0105\u0142 miejsce w wy\u015bcigu na 500m, a Carmen b\u0119d\u0105c najm\u0142odsz\u0105 zawodniczk\u0105 wy\u015bcigu uplasowa\u0142a si\u0119 na 5 pozycji. &nbsp; Zawodami towarzysz\u0105cymi by\u0142y regaty na kajakach turystycznych na dystansie 200m, [&hellip;]<\/p>\n","protected":false},"author":1,"featured_media":33284,"comment_status":"closed","ping_status":"closed","sticky":false,"template":"","format":"standard","meta":{"_acf_changed":false,"footnotes":""},"categories":[1],"tags":[],"class_list":["post-33277","post","type-post","status-publish","format-standard","has-post-thumbnail","hentry","category-bez-kategorii"],"acf":[],"_links":{"self":[{"href":"https:\/\/wpserwis.cfolks.pl\/r2\/wp-json\/wp\/v2\/posts\/33277","targetHints":{"allow":["GET"]}}],"collection":[{"href":"https:\/\/wpserwis.cfolks.pl\/r2\/wp-json\/wp\/v2\/posts"}],"about":[{"href":"https:\/\/wpserwis.cfolks.pl\/r2\/wp-json\/wp\/v2\/types\/post"}],"author":[{"embeddable":true,"href":"https:\/\/wpserwis.cfolks.pl\/r2\/wp-json\/wp\/v2\/users\/1"}],"replies":[{"embeddable":true,"href":"https:\/\/wpserwis.cfolks.pl\/r2\/wp-json\/wp\/v2\/comments?post=33277"}],"version-history":[{"count":0,"href":"https:\/\/wpserwis.cfolks.pl\/r2\/wp-json\/wp\/v2\/posts\/33277\/revisions"}],"wp:featuredmedia":[{"embeddable":true,"href":"https:\/\/wpserwis.cfolks.pl\/r2\/wp-json\/"}],"wp:attachment":[{"href":"https:\/\/wpserwis.cfolks.pl\/r2\/wp-json\/wp\/v2\/media?parent=33277"}],"wp:term":[{"taxonomy":"category","embeddable":true,"href":"https:\/\/wpserwis.cfolks.pl\/r2\/wp-json\/wp\/v2\/categories?post=33277"},{"taxonomy":"post_tag","embeddable":true,"href":"https:\/\/wpserwis.cfolks.pl\/r2\/wp-json\/wp\/v2\/tags?post=33277"}],"curies":[{"name":"wp","href":"https:\/\/api.w.org\/{rel}","templated":true}]}}