{"id":33288,"date":"2024-09-10T13:24:52","date_gmt":"2024-09-10T11:24:52","guid":{"rendered":"https:\/\/wtw.waw.pl\/?p=33288"},"modified":"2024-09-10T13:24:52","modified_gmt":"2024-09-10T11:24:52","slug":"podziekowanie-od-domu-dziecka-im-dr-janusza-korczaka","status":"publish","type":"post","link":"https:\/\/wpserwis.cfolks.pl\/r2\/podziekowanie-od-domu-dziecka-im-dr-janusza-korczaka\/","title":{"rendered":"PODZI\u0118KOWANIE OD DOMU DZIECKA IM. DR JANUSZA KORCZAKA"},"content":{"rendered":"<div class=\"html-div xdj266r x11i5rnm xat24cr x1mh8g0r xexx8yu x4uap5 x18d9i69 xkhd6sd\" dir=\"auto\">\n<div id=\":r8o:\" class=\"x1l90r2v x1pi30zi x1swvt13 x1iorvi4\" data-ad-comet-preview=\"message\" data-ad-preview=\"message\">\n<div class=\"x78zum5 xdt5ytf xz62fqu x16ldp7u\">\n<div class=\"xu06os2 x1ok221b\">\n<div class=\"xdj266r x11i5rnm xat24cr x1mh8g0r x1vvkbs x126k92a\">\n<div dir=\"auto\">Chwalimy si\u0119 kolorowymi i cudnymi podzi\u0119kowaniami, jakie przed chwil\u0105 otrzymali\u015bmy, od naszych Przyjaci\u00f3\u0142 z Domu Dziecka nr 2 im. dr Janusza Korczaka.<\/div>\n<\/div>\n<div class=\"x11i5rnm xat24cr x1mh8g0r x1vvkbs xtlvy1s x126k92a\">\n<div dir=\"auto\">&nbsp;<\/div>\n<div dir=\"auto\">Baaaaardzo nam mi\u0142o i cieszymy si\u0119, \u017ce kolejny rok byli\u015bcie z nami <span class=\"html-span xexx8yu x4uap5 x18d9i69 xkhd6sd x1hl2dhg x16tdsg8 x1vvkbs x3nfvp2 x1j61x8r x1fcty0u xdj266r xat24cr xgzva0m xhhsvwb xxymvpz xlup9mm x1kky2od\">.<\/span><\/div>\n<div dir=\"auto\">&nbsp;<\/div>\n<div dir=\"auto\">Do zobaczenia na dniu otwartym Mariny w przysz\u0142ym roku .<\/div>\n<\/div>\n<\/div>\n<\/div>\n<\/div>\n<\/div>\n<div dir=\"auto\">&nbsp;<\/div>\n<div dir=\"auto\">&nbsp;<\/div>\n<div dir=\"auto\">&nbsp;<\/div>\n<div dir=\"auto\">&nbsp;<\/div>\n<div dir=\"auto\"><a href=\"https:\/\/wpserwis.cfolks.pl\/r2\/wp-content\/uploads\/2024\/09\/IMG_0480.jpg\"><img loading=\"lazy\" decoding=\"async\" class=\"alignnone wp-image-33289 size-medium\" src=\"https:\/\/wpserwis.cfolks.pl\/r2\/wp-content\/uploads\/2024\/09\/IMG_0480-241x300.jpg\" alt=\"\" width=\"241\" height=\"300\"><\/a><\/div>\n","protected":false},"excerpt":{"rendered":"<p>Chwalimy si\u0119 kolorowymi i cudnymi podzi\u0119kowaniami, jakie przed chwil\u0105 otrzymali\u015bmy, od naszych Przyjaci\u00f3\u0142 z Domu Dziecka nr 2 im. dr Janusza Korczaka. &nbsp; Baaaaardzo nam mi\u0142o i cieszymy si\u0119, \u017ce kolejny rok byli\u015bcie z nami . &nbsp; Do zobaczenia na dniu otwartym Mariny w przysz\u0142ym roku . &nbsp; &nbsp; &nbsp; &nbsp;<\/p>\n","protected":false},"author":1,"featured_media":33290,"comment_status":"closed","ping_status":"closed","sticky":false,"template":"","format":"standard","meta":{"_acf_changed":false,"footnotes":""},"categories":[1],"tags":[],"class_list":["post-33288","post","type-post","status-publish","format-standard","has-post-thumbnail","hentry","category-bez-kategorii"],"acf":[],"_links":{"self":[{"href":"https:\/\/wpserwis.cfolks.pl\/r2\/wp-json\/wp\/v2\/posts\/33288","targetHints":{"allow":["GET"]}}],"collection":[{"href":"https:\/\/wpserwis.cfolks.pl\/r2\/wp-json\/wp\/v2\/posts"}],"about":[{"href":"https:\/\/wpserwis.cfolks.pl\/r2\/wp-json\/wp\/v2\/types\/post"}],"author":[{"embeddable":true,"href":"https:\/\/wpserwis.cfolks.pl\/r2\/wp-json\/wp\/v2\/users\/1"}],"replies":[{"embeddable":true,"href":"https:\/\/wpserwis.cfolks.pl\/r2\/wp-json\/wp\/v2\/comments?post=33288"}],"version-history":[{"count":0,"href":"https:\/\/wpserwis.cfolks.pl\/r2\/wp-json\/wp\/v2\/posts\/33288\/revisions"}],"wp:featuredmedia":[{"embeddable":true,"href":"https:\/\/wpserwis.cfolks.pl\/r2\/wp-json\/"}],"wp:attachment":[{"href":"https:\/\/wpserwis.cfolks.pl\/r2\/wp-json\/wp\/v2\/media?parent=33288"}],"wp:term":[{"taxonomy":"category","embeddable":true,"href":"https:\/\/wpserwis.cfolks.pl\/r2\/wp-json\/wp\/v2\/categories?post=33288"},{"taxonomy":"post_tag","embeddable":true,"href":"https:\/\/wpserwis.cfolks.pl\/r2\/wp-json\/wp\/v2\/tags?post=33288"}],"curies":[{"name":"wp","href":"https:\/\/api.w.org\/{rel}","templated":true}]}}