{"id":33310,"date":"2024-09-16T12:20:54","date_gmt":"2024-09-16T10:20:54","guid":{"rendered":"https:\/\/wtw.waw.pl\/?p=33310"},"modified":"2024-09-16T12:20:54","modified_gmt":"2024-09-16T10:20:54","slug":"ams-partnerem-tytana-szukaj-przystankow-z-plakatami-w-centrum","status":"publish","type":"post","link":"https:\/\/wpserwis.cfolks.pl\/r2\/ams-partnerem-tytana-szukaj-przystankow-z-plakatami-w-centrum\/","title":{"rendered":"AMS PARTNEREM TYTANA. SZUKAJ PRZYSTANK\u00d3W Z PLAKATAMI W CENTRUM"},"content":{"rendered":"<div class=\"x11i5rnm xat24cr x1mh8g0r x1vvkbs xtlvy1s x126k92a\">\n<div dir=\"auto\">Firma AMS patronem medialnym dziesi\u0105tej edycji Wio\u015blarski Tytan Warszawy .<\/div>\n<div dir=\"auto\">Ju\u017c kolejny rok, ta najwi\u0119ksza firma reklamy zewn\u0119trznej w Polsce, b\u0119dzie wspiera\u0107 medialnie naszego Tytana.<\/div>\n<\/div>\n<div class=\"x11i5rnm xat24cr x1mh8g0r x1vvkbs xtlvy1s x126k92a\">\n<div dir=\"auto\">&nbsp;<\/div>\n<div dir=\"auto\">Ju\u017c od 15.09 mo\u017cecie rozgl\u0105da\u0107 si\u0119 w \u015bcis\u0142ym centrum Warszawy za kolorowymi plakatami Tytana (CityLight), kt\u00f3re zdobi\u0107 b\u0119d\u0105 przystanki miejskiej komunikacji.<\/div>\n<\/div>\n<div class=\"x11i5rnm xat24cr x1mh8g0r x1vvkbs xtlvy1s x126k92a\">\n<div dir=\"auto\">&nbsp;<\/div>\n<div dir=\"auto\">AMS dzi\u0119kujemy za zaufanie !&nbsp;<\/div>\n<div dir=\"auto\">&nbsp;<\/div>\n<div dir=\"auto\">Wios\u0142ujemy z najlepszymi !<\/div>\n<\/div>\n<div dir=\"auto\">&nbsp;<\/div>\n<div dir=\"auto\">&nbsp;<\/div>\n<div dir=\"auto\"><a href=\"https:\/\/www.youtube.com\/watch?v=2UKtqE1P_5c\"><strong><span style=\"color: #339966;\">ZOBACZ ZAPOWIED\u0179 TYTANA W TVP3 WARSZAWA &#8211; kliknij tutaj<\/span><\/strong><\/a><\/div>\n<div dir=\"auto\">&nbsp;<\/div>\n<div dir=\"auto\">&nbsp;<\/div>\n<div dir=\"auto\">&nbsp;<\/div>\n<div dir=\"auto\">&nbsp;<\/div>\n<div dir=\"auto\">&nbsp;<\/div>\n<div dir=\"auto\"><a href=\"https:\/\/wpserwis.cfolks.pl\/r2\/wp-content\/uploads\/2024\/09\/Zrzut-ekranu-2024-09-5-o-18.38.41.png\"><img loading=\"lazy\" decoding=\"async\" class=\"alignnone size-large wp-image-33303\" src=\"https:\/\/wpserwis.cfolks.pl\/r2\/wp-content\/uploads\/2024\/09\/Zrzut-ekranu-2024-09-5-o-18.38.41-686x1024.png\" alt=\"\" width=\"686\" height=\"1024\"><\/a><\/div>\n<div dir=\"auto\">&nbsp;<\/div>\n<div dir=\"auto\">&nbsp;<\/div>\n<div dir=\"auto\">.<\/div>\n","protected":false},"excerpt":{"rendered":"<p>Firma AMS patronem medialnym dziesi\u0105tej edycji Wio\u015blarski Tytan Warszawy . Ju\u017c kolejny rok, ta najwi\u0119ksza firma reklamy zewn\u0119trznej w Polsce, b\u0119dzie wspiera\u0107 medialnie naszego Tytana. &nbsp; Ju\u017c od 15.09 mo\u017cecie rozgl\u0105da\u0107 si\u0119 w \u015bcis\u0142ym centrum Warszawy za kolorowymi plakatami Tytana (CityLight), kt\u00f3re zdobi\u0107 b\u0119d\u0105 przystanki miejskiej komunikacji. &nbsp; AMS dzi\u0119kujemy za zaufanie !&nbsp; &nbsp; Wios\u0142ujemy [&hellip;]<\/p>\n","protected":false},"author":1,"featured_media":33311,"comment_status":"closed","ping_status":"closed","sticky":false,"template":"","format":"standard","meta":{"_acf_changed":false,"footnotes":""},"categories":[13],"tags":[],"class_list":["post-33310","post","type-post","status-publish","format-standard","has-post-thumbnail","hentry","category-tytan"],"acf":[],"_links":{"self":[{"href":"https:\/\/wpserwis.cfolks.pl\/r2\/wp-json\/wp\/v2\/posts\/33310","targetHints":{"allow":["GET"]}}],"collection":[{"href":"https:\/\/wpserwis.cfolks.pl\/r2\/wp-json\/wp\/v2\/posts"}],"about":[{"href":"https:\/\/wpserwis.cfolks.pl\/r2\/wp-json\/wp\/v2\/types\/post"}],"author":[{"embeddable":true,"href":"https:\/\/wpserwis.cfolks.pl\/r2\/wp-json\/wp\/v2\/users\/1"}],"replies":[{"embeddable":true,"href":"https:\/\/wpserwis.cfolks.pl\/r2\/wp-json\/wp\/v2\/comments?post=33310"}],"version-history":[{"count":0,"href":"https:\/\/wpserwis.cfolks.pl\/r2\/wp-json\/wp\/v2\/posts\/33310\/revisions"}],"wp:featuredmedia":[{"embeddable":true,"href":"https:\/\/wpserwis.cfolks.pl\/r2\/wp-json\/"}],"wp:attachment":[{"href":"https:\/\/wpserwis.cfolks.pl\/r2\/wp-json\/wp\/v2\/media?parent=33310"}],"wp:term":[{"taxonomy":"category","embeddable":true,"href":"https:\/\/wpserwis.cfolks.pl\/r2\/wp-json\/wp\/v2\/categories?post=33310"},{"taxonomy":"post_tag","embeddable":true,"href":"https:\/\/wpserwis.cfolks.pl\/r2\/wp-json\/wp\/v2\/tags?post=33310"}],"curies":[{"name":"wp","href":"https:\/\/api.w.org\/{rel}","templated":true}]}}