{"id":33440,"date":"2024-09-30T10:26:28","date_gmt":"2024-09-30T08:26:28","guid":{"rendered":"https:\/\/wtw.waw.pl\/?p=33440"},"modified":"2024-09-30T10:26:28","modified_gmt":"2024-09-30T08:26:28","slug":"badz-aktywny-realizacja-programu-polskiego-komitetu-paralimpijskiego","status":"publish","type":"post","link":"https:\/\/wpserwis.cfolks.pl\/r2\/badz-aktywny-realizacja-programu-polskiego-komitetu-paralimpijskiego\/","title":{"rendered":"B\u0104D\u0179 AKTYWNY &#8211; REALIZACJA PROGRAMU POLSKIEGO KOMITETU PARALIMPIJSKIEGO"},"content":{"rendered":"<p>Nieprzerwanie od kilku miesi\u0119cy realizujemy projekt dla Polskiego Komitetu Paralimpijskiego pn.&#8221;B\u0105d\u017a Aktywny&#8221;.<\/p>\n<p>Zaj\u0119cia prowadzone s\u0105 na obiektach WTW przy ul. Wio\u015blarskiej 6 i ul. Zaruskiego 12, przez trenerow Sylwi\u0119 Kocerk\u0119 (olimpijk\u0119 i br\u0105zow\u0105 medalistk\u0119 Mistrzostw \u015awiata) oraz Micha\u0142a Hetma\u0144czyka. W grupie \u0107wiczy mi\u0119dzy innymi m\u0142odzie\u017c ze Specjalnego O\u015brodka Szkolno Wychowawczego nr 8 im. dr Zofii Galewskiej w Warszawie.<\/p>\n<p>Wszystkie osoby zainteresowane uczestniczeniem w zaj\u0119ciach prosimy o zg\u0142oszenie : wtw@wtw.waw.pl<\/p>\n<p>Wymagane orzeczenie o niepe\u0142nosprawno\u015bci.<\/p>\n<p>&nbsp;<\/p>\n<p>&nbsp;<a href=\"https:\/\/wpserwis.cfolks.pl\/r2\/wp-content\/uploads\/2024\/09\/18.jpeg\"><img loading=\"lazy\" decoding=\"async\" class=\"alignnone wp-image-33442 size-medium\" src=\"https:\/\/wpserwis.cfolks.pl\/r2\/wp-content\/uploads\/2024\/09\/18-225x300.jpeg\" alt=\"\" width=\"225\" height=\"300\"><\/a><a href=\"https:\/\/wpserwis.cfolks.pl\/r2\/wp-content\/uploads\/2024\/09\/19.jpeg\"><img loading=\"lazy\" decoding=\"async\" class=\"alignnone wp-image-33443 size-medium\" src=\"https:\/\/wpserwis.cfolks.pl\/r2\/wp-content\/uploads\/2024\/09\/19-225x300.jpeg\" alt=\"\" width=\"225\" height=\"300\"><\/a><a href=\"https:\/\/wpserwis.cfolks.pl\/r2\/wp-content\/uploads\/2024\/09\/20.jpeg\"><img loading=\"lazy\" decoding=\"async\" class=\"alignnone wp-image-33444 size-medium\" src=\"https:\/\/wpserwis.cfolks.pl\/r2\/wp-content\/uploads\/2024\/09\/20-225x300.jpeg\" alt=\"\" width=\"225\" height=\"300\"><\/a><a href=\"https:\/\/wpserwis.cfolks.pl\/r2\/wp-content\/uploads\/2024\/09\/21.jpeg\"><img loading=\"lazy\" decoding=\"async\" class=\"alignnone wp-image-33445 size-medium\" src=\"https:\/\/wpserwis.cfolks.pl\/r2\/wp-content\/uploads\/2024\/09\/21-225x300.jpeg\" alt=\"\" width=\"225\" height=\"300\"><\/a><a href=\"https:\/\/wpserwis.cfolks.pl\/r2\/wp-content\/uploads\/2024\/09\/22.jpeg\"><img loading=\"lazy\" decoding=\"async\" class=\"alignnone wp-image-33446 size-medium\" src=\"https:\/\/wpserwis.cfolks.pl\/r2\/wp-content\/uploads\/2024\/09\/22-225x300.jpeg\" alt=\"\" width=\"225\" height=\"300\"><\/a><a href=\"https:\/\/wpserwis.cfolks.pl\/r2\/wp-content\/uploads\/2024\/09\/23.jpeg\"><img loading=\"lazy\" decoding=\"async\" class=\"alignnone wp-image-33447 size-medium\" src=\"https:\/\/wpserwis.cfolks.pl\/r2\/wp-content\/uploads\/2024\/09\/23-300x225.jpeg\" alt=\"\" width=\"300\" height=\"225\"><\/a><a href=\"https:\/\/wpserwis.cfolks.pl\/r2\/wp-content\/uploads\/2024\/09\/WhatsApp-Image-2024-09-28-at-16.30.47.jpeg\"><img loading=\"lazy\" decoding=\"async\" class=\"alignnone wp-image-33448 size-medium\" src=\"https:\/\/wpserwis.cfolks.pl\/r2\/wp-content\/uploads\/2024\/09\/WhatsApp-Image-2024-09-28-at-16.30.47-225x300.jpeg\" alt=\"\" width=\"225\" height=\"300\"><\/a><a href=\"https:\/\/wpserwis.cfolks.pl\/r2\/wp-content\/uploads\/2024\/09\/WhatsApp-Image-2024-09-28-at-17.30.47.jpeg\"><img loading=\"lazy\" decoding=\"async\" class=\"alignnone wp-image-33449 size-medium\" src=\"https:\/\/wpserwis.cfolks.pl\/r2\/wp-content\/uploads\/2024\/09\/WhatsApp-Image-2024-09-28-at-17.30.47-225x300.jpeg\" alt=\"\" width=\"225\" height=\"300\"><\/a><\/p>\n<p>&nbsp;<\/p>\n<p>&nbsp;<\/p>\n<p>&nbsp;<\/p>\n","protected":false},"excerpt":{"rendered":"<p>Nieprzerwanie od kilku miesi\u0119cy realizujemy projekt dla Polskiego Komitetu Paralimpijskiego pn.&#8221;B\u0105d\u017a Aktywny&#8221;. Zaj\u0119cia prowadzone s\u0105 na obiektach WTW przy ul. Wio\u015blarskiej 6 i ul. Zaruskiego 12, przez trenerow Sylwi\u0119 Kocerk\u0119 (olimpijk\u0119 i br\u0105zow\u0105 medalistk\u0119 Mistrzostw \u015awiata) oraz Micha\u0142a Hetma\u0144czyka. W grupie \u0107wiczy mi\u0119dzy innymi m\u0142odzie\u017c ze Specjalnego O\u015brodka Szkolno Wychowawczego nr 8 im. dr Zofii [&hellip;]<\/p>\n","protected":false},"author":1,"featured_media":33450,"comment_status":"closed","ping_status":"closed","sticky":false,"template":"","format":"standard","meta":{"_acf_changed":false,"footnotes":""},"categories":[1],"tags":[],"class_list":["post-33440","post","type-post","status-publish","format-standard","has-post-thumbnail","hentry","category-bez-kategorii"],"acf":[],"_links":{"self":[{"href":"https:\/\/wpserwis.cfolks.pl\/r2\/wp-json\/wp\/v2\/posts\/33440","targetHints":{"allow":["GET"]}}],"collection":[{"href":"https:\/\/wpserwis.cfolks.pl\/r2\/wp-json\/wp\/v2\/posts"}],"about":[{"href":"https:\/\/wpserwis.cfolks.pl\/r2\/wp-json\/wp\/v2\/types\/post"}],"author":[{"embeddable":true,"href":"https:\/\/wpserwis.cfolks.pl\/r2\/wp-json\/wp\/v2\/users\/1"}],"replies":[{"embeddable":true,"href":"https:\/\/wpserwis.cfolks.pl\/r2\/wp-json\/wp\/v2\/comments?post=33440"}],"version-history":[{"count":0,"href":"https:\/\/wpserwis.cfolks.pl\/r2\/wp-json\/wp\/v2\/posts\/33440\/revisions"}],"wp:featuredmedia":[{"embeddable":true,"href":"https:\/\/wpserwis.cfolks.pl\/r2\/wp-json\/"}],"wp:attachment":[{"href":"https:\/\/wpserwis.cfolks.pl\/r2\/wp-json\/wp\/v2\/media?parent=33440"}],"wp:term":[{"taxonomy":"category","embeddable":true,"href":"https:\/\/wpserwis.cfolks.pl\/r2\/wp-json\/wp\/v2\/categories?post=33440"},{"taxonomy":"post_tag","embeddable":true,"href":"https:\/\/wpserwis.cfolks.pl\/r2\/wp-json\/wp\/v2\/tags?post=33440"}],"curies":[{"name":"wp","href":"https:\/\/api.w.org\/{rel}","templated":true}]}}